{"id":7120,"date":"2023-10-05T15:02:24","date_gmt":"2023-10-05T15:02:24","guid":{"rendered":"http:\/\/samanoticiasdurango.com\/?p=7120"},"modified":"2023-10-05T15:02:25","modified_gmt":"2023-10-05T15:02:25","slug":"dia-mundial-contra-la-meningitis","status":"publish","type":"post","link":"https:\/\/samanoticiasdurango.com\/index.php\/2023\/10\/05\/dia-mundial-contra-la-meningitis\/","title":{"rendered":"D\u00eda Mundial contra la Meningitis"},"content":{"rendered":"\n<p>Este<strong>\u00a0jueves 5 de octubre\u00a0<\/strong>se conmemora el\u00a0<strong>D\u00eda Mundial contra la Meningitis<\/strong>, con el objetivo de<strong>\u00a0concientizar a la poblaci\u00f3n sobre la importancia de esta enfermedad y su prevenci\u00f3n.\u00a0<\/strong>Seg\u00fan la\u00a0<strong>Organizaci\u00f3n Mundial de la Salud (OMS),<\/strong>\u201cla meningitis es la\u00a0<strong>inflamaci\u00f3n de los tejidos que rodean el cerebro y la m\u00e9dula espinal.\u00a0<\/strong>Suele deberse a una\u00a0<strong>infecci\u00f3n, puede ser mortal y requiere atenci\u00f3n m\u00e9dica inmediata\u201d.<\/strong><\/p>\n\n\n\n<p>\u201cLos s\u00edntomas, en general, son muy parecidos. El dolor de cabeza, la fiebre y el malestar general. Ahora, cada meningitis va a tener individualidad en algunos s\u00edntomas y, sobre todo, en los tratamientos, por eso es muy importante diagnosticarla lo m\u00e1s temprano posible\u201d, resalt\u00f3 Teijeiro.<\/p>\n\n\n\n<p>Y sum\u00f3: \u201cLa meningitis bacteriana por el meningococo, por el neumococo, o por haemophilus influenzae tratada con antibi\u00f3tico tempranamente evoluciona muy bien y r\u00e1pido. Si no pueden ser mortales o dejar grandes secuelas, por eso tenemos que tener muy claro que todo este tipo de patolog\u00edas tienen que ser r\u00e1pidamente diagnosticadas para que el paciente tenga una muy buena evoluci\u00f3n\u201d.<\/p>\n\n\n\n<p>\u201cCuando hay un contacto estrecho -dijo Teijero-, lo que hay que hacer, si es una meningitis por meningococo, por ejemplo, es dar un tratamiento que ser\u00e1n muy pocas tomas: a veces dos o cuatro, seg\u00fan corresponda de acuerdo al germen y a los que estuvieron en contacto. Hay meningitis y etiolog\u00edas de este tipo que tienen mecanismos de prevenci\u00f3n, como las vacunas. Hay vacuna para neumococo, para meningococo o para alguna de las cepas de meningococo, para haemophilus, para tuberculosis. Esa es la manera de prevenci\u00f3n en general\u201d.<\/p>\n","protected":false},"excerpt":{"rendered":"<p>Este\u00a0jueves 5 de octubre\u00a0se conmemora el\u00a0D\u00eda Mundial contra la Meningitis, con el objetivo de\u00a0concientizar a<\/p>\n","protected":false},"author":1,"featured_media":7121,"comment_status":"open","ping_status":"open","sticky":false,"template":"","format":"standard","meta":{"om_disable_all_campaigns":false,"_monsterinsights_skip_tracking":false,"_monsterinsights_sitenote_active":false,"_monsterinsights_sitenote_note":"","_monsterinsights_sitenote_category":0,"_jetpack_memberships_contains_paid_content":false,"footnotes":"","jetpack_publicize_message":"","jetpack_publicize_feature_enabled":true,"jetpack_social_post_already_shared":false,"jetpack_social_options":{"image_generator_settings":{"template":"highway","enabled":false},"version":2}},"categories":[1],"tags":[],"class_list":["post-7120","post","type-post","status-publish","format-standard","has-post-thumbnail","hentry","category-archivo"],"jetpack_publicize_connections":[],"aioseo_notices":[],"jetpack_featured_media_url":"https:\/\/samanoticiasdurango.com\/wp-content\/uploads\/2023\/10\/10-1.jpg","featured_image_urls":{"full":["https:\/\/samanoticiasdurango.com\/wp-content\/uploads\/2023\/10\/10-1.jpg",1600,900,false],"thumbnail":["https:\/\/samanoticiasdurango.com\/wp-content\/uploads\/2023\/10\/10-1-150x150.jpg",150,150,true],"medium":["https:\/\/samanoticiasdurango.com\/wp-content\/uploads\/2023\/10\/10-1-300x169.jpg",300,169,true],"medium_large":["https:\/\/samanoticiasdurango.com\/wp-content\/uploads\/2023\/10\/10-1-768x432.jpg",640,360,true],"large":["https:\/\/samanoticiasdurango.com\/wp-content\/uploads\/2023\/10\/10-1-1024x576.jpg",640,360,true],"1536x1536":["https:\/\/samanoticiasdurango.com\/wp-content\/uploads\/2023\/10\/10-1-1536x864.jpg",1536,864,true],"2048x2048":["https:\/\/samanoticiasdurango.com\/wp-content\/uploads\/2023\/10\/10-1.jpg",1600,900,false],"chromenews-featured":["https:\/\/samanoticiasdurango.com\/wp-content\/uploads\/2023\/10\/10-1-1024x576.jpg",1024,576,true],"chromenews-large":["https:\/\/samanoticiasdurango.com\/wp-content\/uploads\/2023\/10\/10-1-825x575.jpg",825,575,true],"chromenews-medium":["https:\/\/samanoticiasdurango.com\/wp-content\/uploads\/2023\/10\/10-1-590x410.jpg",590,410,true]},"author_info":{"display_name":"Redacci\u00f3n","author_link":"https:\/\/samanoticiasdurango.com\/index.php\/author\/jjsama13gmail-com\/"},"category_info":"<a href=\"https:\/\/samanoticiasdurango.com\/index.php\/category\/archivo\/\" rel=\"category tag\">DURANGO<\/a>","tag_info":"DURANGO","comment_count":"0","jetpack_sharing_enabled":true,"_links":{"self":[{"href":"https:\/\/samanoticiasdurango.com\/index.php\/wp-json\/wp\/v2\/posts\/7120","targetHints":{"allow":["GET"]}}],"collection":[{"href":"https:\/\/samanoticiasdurango.com\/index.php\/wp-json\/wp\/v2\/posts"}],"about":[{"href":"https:\/\/samanoticiasdurango.com\/index.php\/wp-json\/wp\/v2\/types\/post"}],"author":[{"embeddable":true,"href":"https:\/\/samanoticiasdurango.com\/index.php\/wp-json\/wp\/v2\/users\/1"}],"replies":[{"embeddable":true,"href":"https:\/\/samanoticiasdurango.com\/index.php\/wp-json\/wp\/v2\/comments?post=7120"}],"version-history":[{"count":1,"href":"https:\/\/samanoticiasdurango.com\/index.php\/wp-json\/wp\/v2\/posts\/7120\/revisions"}],"predecessor-version":[{"id":7122,"href":"https:\/\/samanoticiasdurango.com\/index.php\/wp-json\/wp\/v2\/posts\/7120\/revisions\/7122"}],"wp:featuredmedia":[{"embeddable":true,"href":"https:\/\/samanoticiasdurango.com\/index.php\/wp-json\/wp\/v2\/media\/7121"}],"wp:attachment":[{"href":"https:\/\/samanoticiasdurango.com\/index.php\/wp-json\/wp\/v2\/media?parent=7120"}],"wp:term":[{"taxonomy":"category","embeddable":true,"href":"https:\/\/samanoticiasdurango.com\/index.php\/wp-json\/wp\/v2\/categories?post=7120"},{"taxonomy":"post_tag","embeddable":true,"href":"https:\/\/samanoticiasdurango.com\/index.php\/wp-json\/wp\/v2\/tags?post=7120"}],"curies":[{"name":"wp","href":"https:\/\/api.w.org\/{rel}","templated":true}]}}