{"id":7444,"date":"2023-11-01T14:38:20","date_gmt":"2023-11-01T14:38:20","guid":{"rendered":"http:\/\/samanoticiasdurango.com\/?p=7444"},"modified":"2023-11-01T14:38:22","modified_gmt":"2023-11-01T14:38:22","slug":"este-es-el-plan-de-amlo-para-rehabilitar-servicios-y-apoyar-a-damnificados-de-acapulco-tras-huracan-otis","status":"publish","type":"post","link":"https:\/\/samanoticiasdurango.com\/index.php\/2023\/11\/01\/este-es-el-plan-de-amlo-para-rehabilitar-servicios-y-apoyar-a-damnificados-de-acapulco-tras-huracan-otis\/","title":{"rendered":"\u00c9ste es el plan de AMLO para rehabilitar servicios y apoyar a damnificados de Acapulco tras hurac\u00e1n Otis"},"content":{"rendered":"\n<p>El presidente\u00a0<strong>Andr\u00e9s Manuel L\u00f3pez Obrador<\/strong>, junto con la gobernadora de Guerrero y miembros del gabinete federal, present\u00f3 el\u00a0<strong>plan inicial de reconstrucci\u00f3n de Acapulco<\/strong>\u00a0y de entrega de apoyos a los damnificados de Guerrero tras el paso del hurac\u00e1n Otis, que hasta el momento ha dejado da\u00f1os severos en miles de inmuebles, as\u00ed como un saldo de 46 personas fallecidas y 58 m\u00e1s desaparecidas.<\/p>\n\n\n\n<p>En La Ma\u00f1anera de hoy, el mandatario reiter\u00f3 que el gobierno federal&nbsp;<strong>no dejar\u00e1 solos a los damnificados,<\/strong>&nbsp;adem\u00e1s de que conf\u00eda en que la ciudadan\u00eda tambi\u00e9n brindar\u00e1 su apoyo.<\/p>\n\n\n\n<p>\u201cQue se tenga toda la informaci\u00f3n y el mensaje es que no est\u00e1n solos los damnificados, cuentan con apoyo de la gente e M\u00e9xico que siempre es muy fraterno muy solidario\u201d, dijo en Palacio Nacional.<\/p>\n\n\n\n<h2 class=\"wp-block-heading\">\u00bfCu\u00e1l es el plan de reconstrucci\u00f3n en Guerrero?<\/h2>\n\n\n\n<p>El mandatario enlist\u00f3 casi 20 acciones para rehabilitar servicios, apoyar econ\u00f3micamente a poblaci\u00f3n afectada y garantizar la seguridad en Acapulco y Coyuca de Ben\u00edtez, que son:<\/p>\n\n\n\n<ul class=\"wp-block-list\">\n<li>Apoyar con todo lo necesario a los familiares de quienes perdieron la vida por el hurac\u00e1n e intensificar la b\u00fasqueda de desaparecidos, aportando siempre a sus seres queridos.<\/li>\n\n\n\n<li>Adelantar dos meses desde el lunes pr\u00f3ximo el pago de todos los programas de Bienestar, pensi\u00f3n de adultos mayores, personas con discapacidad, becas, apoyo a productores, a j\u00f3venes y otros.<\/li>\n\n\n\n<li>Incorporar a 10 mil j\u00f3venes m\u00e1s, se van a contratar del programan&nbsp;<em>J\u00f3venes Construyendo el Futuro<\/em>&nbsp;para realizar labores de limpieza, construcci\u00f3n, pintura y otras actividades y van a recibir un salario m\u00ednimo, el equivalente a un salario m\u00ednimo, esto a partir del d\u00eda de hoy, empieza la contrataci\u00f3n de 10 mil j\u00f3venes.<\/li>\n\n\n\n<li>Se aumentar\u00e1 al doble el n\u00famero de becas para estudiantes de nivel b\u00e1sico, es decir, las becas en Acapulco pasar\u00e1n de 45 mil a 90 mil becas de inmediato.<\/li>\n\n\n\n<li>Se establecer\u00e1n seis meses de pr\u00f3rroga en el pago del Infonavit, Fovissste y del Seguro Social.<\/li>\n\n\n\n<li>No se pagar\u00e1 el servicio de luz, la energ\u00eda el\u00e9ctrica, de noviembre del 2023 a febrero del 2024.<\/li>\n\n\n\n<li>Se entregar\u00e1 una canasta b\u00e1sica de 24 productos alimenticios a cada familia, por semana durante tres meses, con apoyo de Walmart, Soriana, Chedraui y Comercial Mexicana.<\/li>\n\n\n\n<li>Se repartir\u00e1n en todos los hogares 8 mil pesos para limpieza y pintura; y a las viviendas afectadas desde 35 mil pesos a 60 mil pesos, con apego al censo que se est\u00e1 realizando.<\/li>\n\n\n\n<li>A todas las familias damnificadas se les entregar\u00e1 un paquete de enseres dom\u00e9sticos, que consiste en una cama, una estufa, un refrigerador, un ventilador y una vajilla.<\/li>\n\n\n\n<li>Se otorgar\u00e1n 20 mil cr\u00e9ditos a la palabra de 25 mil pesos sin intereses, pagaderos en tres a\u00f1os y con seis meses de gracia, en beneficio de peque\u00f1os comerciantes, due\u00f1os de talleres, fondas y otros prestadores de servicio.<\/li>\n\n\n\n<li>El gobierno federal destinar\u00e1 del presupuesto p\u00fablico de este a\u00f1o 10 mil millones de pesos para el abastecimiento y mejoramiento de las l\u00edneas de distribuci\u00f3n de agua, drenaje, arreglo de calles, alumbrado p\u00fablico, hospitales, escuelas, adem\u00e1s se van a mejorar los aeropuertos y otros servicios.<\/li>\n\n\n\n<li>No se cobrar\u00e1n impuestos ni en Acapulco ni en Coyuca, desde octubre hasta febrero del 2024, qu\u00e9 no se cobrar\u00e1? IVA, Impuesto sobre la renta y otros.<\/li>\n\n\n\n<li>Se establecer\u00e1 en cada colonia de m\u00e1s de mil viviendas un cuartel de la Guardia Nacional, con 250 elementos cada uno, para garantizar la paz y evitar el robo en viviendas, negocios y gasoliner\u00edas.<\/li>\n\n\n\n<li>Nacional Financiera otorgar\u00e1 cr\u00e9ditos sin intereses para peque\u00f1as y medianas empresas.<\/li>\n\n\n\n<li>La Secretar\u00eda de Hacienda apoyar\u00e1 con el pago de la mitad de los intereses a quienes soliciten cr\u00e9ditos,. Esto va destinado a 377 hoteles de Acapulco.<\/li>\n\n\n\n<li>La Secretar\u00eda de Infraestructura y Comunicaciones destinar\u00e1 200 millones de pesos de su presupuesto para rehabilitar la autopista Acapulco-Chilpancingo, as\u00ed como la carretera federal, los dos libramientos que conectan la costa grande con la chica, puentes y otras obras viales.<\/li>\n\n\n\n<li>Toda la obra de reconstrucci\u00f3n de Acapulco y Coyuca ser\u00e1 coordinada por Luisa Mar\u00eda Alcalde, secretaria de Gobernaci\u00f3n; y Evelyn Salgado, gobernadora de Guerrero.<\/li>\n<\/ul>\n\n\n\n<p>L\u00f3pez Obrador reconoci\u00f3 el trabajo de los trabajadores de la Comisi\u00f3n Federal de Electricidad (CFE), al afirmar que en una semana \u201chan logrado restituir pr\u00e1cticamente todo el servicio de energ\u00eda el\u00e9ctrica en Acapulco, en una semana\u201d, luego de que el hurac\u00e1n derrib\u00f3 m\u00e1s de 10 mil postes.<\/p>\n\n\n\n<p><strong><em>Con informaci\u00f3n de INFOBAE<\/em><\/strong><\/p>\n","protected":false},"excerpt":{"rendered":"<p>El presidente\u00a0Andr\u00e9s Manuel L\u00f3pez Obrador, junto con la gobernadora de Guerrero y miembros del gabinete<\/p>\n","protected":false},"author":1,"featured_media":7445,"comment_status":"open","ping_status":"open","sticky":false,"template":"","format":"standard","meta":{"om_disable_all_campaigns":false,"_monsterinsights_skip_tracking":false,"_monsterinsights_sitenote_active":false,"_monsterinsights_sitenote_note":"","_monsterinsights_sitenote_category":0,"_jetpack_memberships_contains_paid_content":false,"footnotes":"","jetpack_publicize_message":"","jetpack_publicize_feature_enabled":true,"jetpack_social_post_already_shared":false,"jetpack_social_options":{"image_generator_settings":{"template":"highway","enabled":false},"version":2}},"categories":[5],"tags":[],"class_list":["post-7444","post","type-post","status-publish","format-standard","has-post-thumbnail","hentry","category-nacional"],"jetpack_publicize_connections":[],"aioseo_notices":[],"jetpack_featured_media_url":"https:\/\/samanoticiasdurango.com\/wp-content\/uploads\/2023\/11\/5.jpg","featured_image_urls":{"full":["https:\/\/samanoticiasdurango.com\/wp-content\/uploads\/2023\/11\/5.jpg",1920,1080,false],"thumbnail":["https:\/\/samanoticiasdurango.com\/wp-content\/uploads\/2023\/11\/5-150x150.jpg",150,150,true],"medium":["https:\/\/samanoticiasdurango.com\/wp-content\/uploads\/2023\/11\/5-300x169.jpg",300,169,true],"medium_large":["https:\/\/samanoticiasdurango.com\/wp-content\/uploads\/2023\/11\/5-768x432.jpg",640,360,true],"large":["https:\/\/samanoticiasdurango.com\/wp-content\/uploads\/2023\/11\/5-1024x576.jpg",640,360,true],"1536x1536":["https:\/\/samanoticiasdurango.com\/wp-content\/uploads\/2023\/11\/5-1536x864.jpg",1536,864,true],"2048x2048":["https:\/\/samanoticiasdurango.com\/wp-content\/uploads\/2023\/11\/5.jpg",1920,1080,false],"chromenews-featured":["https:\/\/samanoticiasdurango.com\/wp-content\/uploads\/2023\/11\/5-1024x576.jpg",1024,576,true],"chromenews-large":["https:\/\/samanoticiasdurango.com\/wp-content\/uploads\/2023\/11\/5-825x575.jpg",825,575,true],"chromenews-medium":["https:\/\/samanoticiasdurango.com\/wp-content\/uploads\/2023\/11\/5-590x410.jpg",590,410,true]},"author_info":{"display_name":"Redacci\u00f3n","author_link":"https:\/\/samanoticiasdurango.com\/index.php\/author\/jjsama13gmail-com\/"},"category_info":"<a href=\"https:\/\/samanoticiasdurango.com\/index.php\/category\/nacional\/\" rel=\"category tag\">NACIONAL<\/a>","tag_info":"NACIONAL","comment_count":"0","jetpack_sharing_enabled":true,"_links":{"self":[{"href":"https:\/\/samanoticiasdurango.com\/index.php\/wp-json\/wp\/v2\/posts\/7444","targetHints":{"allow":["GET"]}}],"collection":[{"href":"https:\/\/samanoticiasdurango.com\/index.php\/wp-json\/wp\/v2\/posts"}],"about":[{"href":"https:\/\/samanoticiasdurango.com\/index.php\/wp-json\/wp\/v2\/types\/post"}],"author":[{"embeddable":true,"href":"https:\/\/samanoticiasdurango.com\/index.php\/wp-json\/wp\/v2\/users\/1"}],"replies":[{"embeddable":true,"href":"https:\/\/samanoticiasdurango.com\/index.php\/wp-json\/wp\/v2\/comments?post=7444"}],"version-history":[{"count":1,"href":"https:\/\/samanoticiasdurango.com\/index.php\/wp-json\/wp\/v2\/posts\/7444\/revisions"}],"predecessor-version":[{"id":7446,"href":"https:\/\/samanoticiasdurango.com\/index.php\/wp-json\/wp\/v2\/posts\/7444\/revisions\/7446"}],"wp:featuredmedia":[{"embeddable":true,"href":"https:\/\/samanoticiasdurango.com\/index.php\/wp-json\/wp\/v2\/media\/7445"}],"wp:attachment":[{"href":"https:\/\/samanoticiasdurango.com\/index.php\/wp-json\/wp\/v2\/media?parent=7444"}],"wp:term":[{"taxonomy":"category","embeddable":true,"href":"https:\/\/samanoticiasdurango.com\/index.php\/wp-json\/wp\/v2\/categories?post=7444"},{"taxonomy":"post_tag","embeddable":true,"href":"https:\/\/samanoticiasdurango.com\/index.php\/wp-json\/wp\/v2\/tags?post=7444"}],"curies":[{"name":"wp","href":"https:\/\/api.w.org\/{rel}","templated":true}]}}