{"id":8049,"date":"2023-12-22T14:38:50","date_gmt":"2023-12-22T14:38:50","guid":{"rendered":"http:\/\/samanoticiasdurango.com\/?p=8049"},"modified":"2023-12-22T14:42:38","modified_gmt":"2023-12-22T14:42:38","slug":"ezln-anuncia-caravana-internacional-el-proximo-25-de-diciembre","status":"publish","type":"post","link":"https:\/\/samanoticiasdurango.com\/index.php\/2023\/12\/22\/ezln-anuncia-caravana-internacional-el-proximo-25-de-diciembre\/","title":{"rendered":"<a href=\"https:\/\/lopezdoriga.com\/nacional\/ezln-anuncia-caravana-internacional-el-proximo-25-de-diciembre\/\">EZLN anuncia caravana internacional el pr\u00f3ximo 25 de diciembre<\/a>"},"content":{"rendered":"\n<p>El&nbsp;<strong>Ej\u00e9rcito Zapatista de Liberaci\u00f3n Nacional<\/strong>&nbsp;(EZLN) de&nbsp;<strong>M\u00e9xico<\/strong>&nbsp;anunci\u00f3 que realizar\u00e1 unas&nbsp;<strong>caravanas<\/strong>&nbsp;internacional y nacional que saldr\u00e1n el pr\u00f3ximo el 25 de diciembre hacia territorio&nbsp;<strong>zapatista<\/strong>, en el estado de&nbsp;<strong>Chiapas<\/strong>, para conmemorar los 30 a\u00f1os del&nbsp;<strong>levantamiento<\/strong>&nbsp;en&nbsp;<strong>armas<\/strong>.<\/p>\n\n\n\n<p>Integrantes del&nbsp;<strong>EZLN<\/strong>&nbsp;dijeron en conferencia de prensa que, hasta el&nbsp;<strong>momento<\/strong>, cuentan con la confirmaci\u00f3n para la \u2018caravana de caravanas\u2019 de asistencia de 600 personas provenientes de&nbsp;<strong>19 estados del pa\u00eds<\/strong>&nbsp;y de otros 20 pa\u00edses.<\/p>\n\n\n\n<p>Indicaron tambi\u00e9n que la caravana pasar\u00e1 por seis de los&nbsp;<strong>32 estados<\/strong>&nbsp;del pa\u00eds e hicieron un llamado a las autoridades de cada pa\u00eds a que les permitan el tr\u00e1nsito, as\u00ed como a que no intenten disuadirlos mediante fuerzas policiales.<\/p>\n\n\n\n<p>Hicieron especial \u00e9nfasis en pedir a las autoridades chiapanecas que las&nbsp;<strong>fuerzas<\/strong>&nbsp;<strong>armadas<\/strong>&nbsp;no intervengan en el paso de la caravana, puesto que en los \u00faltimos meses la violencia ha ido increment\u00e1ndose debido a la presencia del crimen organizado y a, acusan pobladores, las omisiones de las autoridades.<\/p>\n\n\n\n<p>Asimismo instaron al&nbsp;<strong>gobierno<\/strong>&nbsp;<strong>federal<\/strong>&nbsp;a respetar y proteger la&nbsp;<strong>caravana<\/strong>.<\/p>\n\n\n\n<p>Por \u00faltimo, informaron que el reconocido&nbsp;<strong>Centro de Derechos Humanos Fray Bartolom\u00e9 de las Casas<\/strong>&nbsp;ser\u00e1 observador de la caravana para que se garantice el cumplimiento de los derechos humanos y haya medidas de seguridad.<\/p>\n\n\n\n<p>En el estado han ido ganando protagonismo los c\u00e1rteles de&nbsp;<strong>Sinaloa<\/strong>&nbsp;y el de&nbsp;<strong>Jalisco Nueva Generaci\u00f3n<\/strong>&nbsp;(CJNG).<\/p>\n\n\n\n<p>Activistas,&nbsp;<strong>ONG<\/strong>&nbsp;y comunidades han se\u00f1alado el clima de \u201cguerra civil\u201d que se vive en el estado por los&nbsp;<strong>conflictos<\/strong>&nbsp;armados, presencia de grupos del crimen organizado y c\u00e1rteles del narcotr\u00e1fico, lo que ha desencadenado homicidios, desapariciones y desplazamientos forzados, en particular en comunidades ind\u00edgenas y afines al Ej\u00e9rcito Zapatista de Liberaci\u00f3n Nacional (EZLN).<\/p>\n\n\n\n<p><strong>Con informaci\u00f3n de EFE<\/strong><\/p>\n","protected":false},"excerpt":{"rendered":"<p>El&nbsp;Ej\u00e9rcito Zapatista de Liberaci\u00f3n Nacional&nbsp;(EZLN) de&nbsp;M\u00e9xico&nbsp;anunci\u00f3 que realizar\u00e1 unas&nbsp;caravanas&nbsp;internacional y nacional que saldr\u00e1n el pr\u00f3ximo<\/p>\n","protected":false},"author":1,"featured_media":8050,"comment_status":"open","ping_status":"open","sticky":false,"template":"","format":"standard","meta":{"om_disable_all_campaigns":false,"_monsterinsights_skip_tracking":false,"_monsterinsights_sitenote_active":false,"_monsterinsights_sitenote_note":"","_monsterinsights_sitenote_category":0,"_jetpack_memberships_contains_paid_content":false,"footnotes":"","jetpack_publicize_message":"","jetpack_publicize_feature_enabled":true,"jetpack_social_post_already_shared":false,"jetpack_social_options":{"image_generator_settings":{"template":"highway","enabled":false},"version":2}},"categories":[5],"tags":[],"class_list":["post-8049","post","type-post","status-publish","format-standard","has-post-thumbnail","hentry","category-nacional"],"jetpack_publicize_connections":[],"aioseo_notices":[],"jetpack_featured_media_url":"https:\/\/samanoticiasdurango.com\/wp-content\/uploads\/3-1.jpg","featured_image_urls":{"full":["https:\/\/samanoticiasdurango.com\/wp-content\/uploads\/3-1.jpg",1600,900,false],"thumbnail":["https:\/\/samanoticiasdurango.com\/wp-content\/uploads\/3-1-150x150.jpg",150,150,true],"medium":["https:\/\/samanoticiasdurango.com\/wp-content\/uploads\/3-1-300x169.jpg",300,169,true],"medium_large":["https:\/\/samanoticiasdurango.com\/wp-content\/uploads\/3-1-768x432.jpg",640,360,true],"large":["https:\/\/samanoticiasdurango.com\/wp-content\/uploads\/3-1-1024x576.jpg",640,360,true],"1536x1536":["https:\/\/samanoticiasdurango.com\/wp-content\/uploads\/3-1-1536x864.jpg",1536,864,true],"2048x2048":["https:\/\/samanoticiasdurango.com\/wp-content\/uploads\/3-1.jpg",1600,900,false],"chromenews-featured":["https:\/\/samanoticiasdurango.com\/wp-content\/uploads\/3-1-1024x576.jpg",1024,576,true],"chromenews-large":["https:\/\/samanoticiasdurango.com\/wp-content\/uploads\/3-1-825x575.jpg",825,575,true],"chromenews-medium":["https:\/\/samanoticiasdurango.com\/wp-content\/uploads\/3-1-590x410.jpg",590,410,true]},"author_info":{"display_name":"Redacci\u00f3n","author_link":"https:\/\/samanoticiasdurango.com\/index.php\/author\/jjsama13gmail-com\/"},"category_info":"<a href=\"https:\/\/samanoticiasdurango.com\/index.php\/category\/nacional\/\" rel=\"category tag\">NACIONAL<\/a>","tag_info":"NACIONAL","comment_count":"0","jetpack_sharing_enabled":true,"_links":{"self":[{"href":"https:\/\/samanoticiasdurango.com\/index.php\/wp-json\/wp\/v2\/posts\/8049","targetHints":{"allow":["GET"]}}],"collection":[{"href":"https:\/\/samanoticiasdurango.com\/index.php\/wp-json\/wp\/v2\/posts"}],"about":[{"href":"https:\/\/samanoticiasdurango.com\/index.php\/wp-json\/wp\/v2\/types\/post"}],"author":[{"embeddable":true,"href":"https:\/\/samanoticiasdurango.com\/index.php\/wp-json\/wp\/v2\/users\/1"}],"replies":[{"embeddable":true,"href":"https:\/\/samanoticiasdurango.com\/index.php\/wp-json\/wp\/v2\/comments?post=8049"}],"version-history":[{"count":1,"href":"https:\/\/samanoticiasdurango.com\/index.php\/wp-json\/wp\/v2\/posts\/8049\/revisions"}],"predecessor-version":[{"id":8051,"href":"https:\/\/samanoticiasdurango.com\/index.php\/wp-json\/wp\/v2\/posts\/8049\/revisions\/8051"}],"wp:featuredmedia":[{"embeddable":true,"href":"https:\/\/samanoticiasdurango.com\/index.php\/wp-json\/wp\/v2\/media\/8050"}],"wp:attachment":[{"href":"https:\/\/samanoticiasdurango.com\/index.php\/wp-json\/wp\/v2\/media?parent=8049"}],"wp:term":[{"taxonomy":"category","embeddable":true,"href":"https:\/\/samanoticiasdurango.com\/index.php\/wp-json\/wp\/v2\/categories?post=8049"},{"taxonomy":"post_tag","embeddable":true,"href":"https:\/\/samanoticiasdurango.com\/index.php\/wp-json\/wp\/v2\/tags?post=8049"}],"curies":[{"name":"wp","href":"https:\/\/api.w.org\/{rel}","templated":true}]}}