{"id":8052,"date":"2023-12-22T14:45:01","date_gmt":"2023-12-22T14:45:01","guid":{"rendered":"http:\/\/samanoticiasdurango.com\/?p=8052"},"modified":"2023-12-22T14:45:02","modified_gmt":"2023-12-22T14:45:02","slug":"oms-eleva-a-alto-el-riesgo-de-expansion-global-del-dengue-con-5-mil-muertes-en-2023","status":"publish","type":"post","link":"https:\/\/samanoticiasdurango.com\/index.php\/2023\/12\/22\/oms-eleva-a-alto-el-riesgo-de-expansion-global-del-dengue-con-5-mil-muertes-en-2023\/","title":{"rendered":"<a href=\"https:\/\/lopezdoriga.com\/internacional\/oms-eleva-a-alto-el-riesgo-de-expansion-global-del-dengue-con-5-mil-muertes-en-2023\/\">OMS eleva a alto el riesgo de expansi\u00f3n global del dengue, con 5 mil muertes en 2023<\/a>"},"content":{"rendered":"\n<p>M\u00e1s de 5 millones de casos de dengue han sido reportados en el mundo, entre ellos&nbsp;<strong>5 mil mortales<\/strong>, indic\u00f3 la&nbsp;<strong>Organizaci\u00f3n Mundial de la Salud<\/strong>&nbsp;(OMS), que ha elevado a alto el riesgo por esta enfermedad, cuyo radio de expansi\u00f3n est\u00e1 aumentando a causa de factores como el cambio clim\u00e1tico.<\/p>\n\n\n\n<p>El calentamiento global est\u00e1 expandiendo el h\u00e1bitat de los&nbsp;<strong>mosquitos<\/strong>&nbsp;transmisores de esta infecci\u00f3n viral, record\u00f3 en rueda de prensa la experta en arbovirus del departamento de prevenci\u00f3n de epidemias y pandemias de la OMS, Diana Rojas.<\/p>\n\n\n\n<p>Como resultado de ello, la mitad de la&nbsp;<strong>poblaci\u00f3n<\/strong>&nbsp;mundial, o unos 4 mil millones de personas, est\u00e1 en riesgo de infectarse de dengue, la enfermedad m\u00e1s com\u00fanmente transmitida por mosquitos.<\/p>\n\n\n\n<p>\u201cLa mayor\u00eda de la gente no desarrolla&nbsp;<strong>s\u00edntomas<\/strong>, pero aquellos que s\u00ed lo hacen pueden sufrir fiebre alta, dolores de cabeza y del cuerpo, n\u00e1useas\u2026 en muchos casos se recuperan en una o dos semanas, pero en ocasiones la situaci\u00f3n se puede agravar\u201d, record\u00f3 la experta.<\/p>\n\n\n\n<p>Rojas tambi\u00e9n record\u00f3 que un 80 por ciento de los casos en 2023 (4.1 millones) se registraron en&nbsp;<strong>Am\u00e9rica<\/strong>, mientras que las siguientes regiones m\u00e1s afectadas fueron el sur y el este de Asia.<\/p>\n\n\n\n<p>El pa\u00eds americano que registr\u00f3 m\u00e1s casos este a\u00f1o fue&nbsp;<strong>Brasil<\/strong>&nbsp;(2.9 millones), seguido de&nbsp;<strong>Per\u00fa<\/strong>&nbsp;(271 mil) y&nbsp;<strong>M\u00e9xico<\/strong>&nbsp;(235 mil), mientras que&nbsp;<strong>Colombia<\/strong>&nbsp;fue el que diagn\u00f3stico m\u00e1s formas severas de la enfermedad (mil 500, un 1.35 por ciento del total), seguido de Brasil (mil 474, un 0.05 por ciento).<\/p>\n\n\n\n<p>Rojas tambi\u00e9n advirti\u00f3 que se est\u00e1n comenzando a detectar&nbsp;<strong>transmisiones<\/strong>&nbsp;locales de dengue en pa\u00edses considerados previamente no end\u00e9micos, incluso naciones europeas como Italia (82 positivos en 2023), Francia (43) o Espa\u00f1a (3).<\/p>\n\n\n\n<p>\u201cNormalmente se detectan en esos pa\u00edses casos de viajeros procedentes de Am\u00e9rica, Asia Oriental y otras regiones&nbsp;<strong>end\u00e9micas<\/strong>, pero este a\u00f1o se han visto algunos focos limitados de transmisi\u00f3n local\u201d, alert\u00f3.<\/p>\n\n\n\n<p>Tambi\u00e9n consider\u00f3 preocupantes los&nbsp;<strong>brotes<\/strong>&nbsp;en pa\u00edses en conflicto y contextos fr\u00e1giles como Afganist\u00e1n, Pakist\u00e1n, Sud\u00e1n, Somalia o Yemen, unidos a contagios de otras enfermedades, olas de desplazamiento interno y pobre infraestructura sanitaria.<\/p>\n\n\n\n<p>La elevaci\u00f3n de riesgo decidida por la OMS busca \u201caumentar a m\u00e1ximo la atenci\u00f3n y respuesta para asistir a los pa\u00edses a controlar los actuales brotes y prepararlos para responder a las pr\u00f3ximas temporadas altas de dengue\u201d, que suelen coincidir con periodos c\u00e1lidos y h\u00famedos.<\/p>\n\n\n\n<p>En este sentido, la&nbsp;<strong>OMS<\/strong>&nbsp;llama a los pa\u00edses miembros a fortalecer los mecanismos de&nbsp;<strong>seguimiento<\/strong>&nbsp;de casos, de las condiciones medioambientales y de las colonias de mosquitos transmisores, as\u00ed como actualizar las gu\u00edas de actuaci\u00f3n y mejorar la formaci\u00f3n de su personal sanitario en la respuesta a la enfermedad.<\/p>\n\n\n\n<p>A la poblaci\u00f3n general la&nbsp;<strong>OMS<\/strong>&nbsp;le recomienda el uso de&nbsp;<strong>repelente<\/strong>&nbsp;contra mosquitos, especialmente en horario&nbsp;<strong>diurno<\/strong>, as\u00ed como eliminar en las comunidades las zonas con alta presencia de&nbsp;<strong>mosquitos<\/strong>&nbsp;pr\u00f3ximas a \u00e1reas residenciales.<\/p>\n\n\n\n<p><strong>Con informaci\u00f3n de EFE<\/strong><\/p>\n","protected":false},"excerpt":{"rendered":"<p>M\u00e1s de 5 millones de casos de dengue han sido reportados en el mundo, entre<\/p>\n","protected":false},"author":1,"featured_media":8053,"comment_status":"open","ping_status":"open","sticky":false,"template":"","format":"standard","meta":{"om_disable_all_campaigns":false,"_monsterinsights_skip_tracking":false,"_monsterinsights_sitenote_active":false,"_monsterinsights_sitenote_note":"","_monsterinsights_sitenote_category":0,"_jetpack_memberships_contains_paid_content":false,"footnotes":"","jetpack_publicize_message":"","jetpack_publicize_feature_enabled":true,"jetpack_social_post_already_shared":false,"jetpack_social_options":{"image_generator_settings":{"template":"highway","enabled":false},"version":2}},"categories":[1],"tags":[],"class_list":["post-8052","post","type-post","status-publish","format-standard","has-post-thumbnail","hentry","category-archivo"],"jetpack_publicize_connections":[],"aioseo_notices":[],"jetpack_featured_media_url":"https:\/\/samanoticiasdurango.com\/wp-content\/uploads\/whatsapp-image-2020-05-15-at-94230-am.webp","featured_image_urls":{"full":["https:\/\/samanoticiasdurango.com\/wp-content\/uploads\/whatsapp-image-2020-05-15-at-94230-am.webp",1280,720,false],"thumbnail":["https:\/\/samanoticiasdurango.com\/wp-content\/uploads\/whatsapp-image-2020-05-15-at-94230-am-150x150.webp",150,150,true],"medium":["https:\/\/samanoticiasdurango.com\/wp-content\/uploads\/whatsapp-image-2020-05-15-at-94230-am-300x169.webp",300,169,true],"medium_large":["https:\/\/samanoticiasdurango.com\/wp-content\/uploads\/whatsapp-image-2020-05-15-at-94230-am-768x432.webp",640,360,true],"large":["https:\/\/samanoticiasdurango.com\/wp-content\/uploads\/whatsapp-image-2020-05-15-at-94230-am-1024x576.webp",640,360,true],"1536x1536":["https:\/\/samanoticiasdurango.com\/wp-content\/uploads\/whatsapp-image-2020-05-15-at-94230-am.webp",1280,720,false],"2048x2048":["https:\/\/samanoticiasdurango.com\/wp-content\/uploads\/whatsapp-image-2020-05-15-at-94230-am.webp",1280,720,false],"chromenews-featured":["https:\/\/samanoticiasdurango.com\/wp-content\/uploads\/whatsapp-image-2020-05-15-at-94230-am-1024x576.webp",1024,576,true],"chromenews-large":["https:\/\/samanoticiasdurango.com\/wp-content\/uploads\/whatsapp-image-2020-05-15-at-94230-am-825x575.webp",825,575,true],"chromenews-medium":["https:\/\/samanoticiasdurango.com\/wp-content\/uploads\/whatsapp-image-2020-05-15-at-94230-am-590x410.webp",590,410,true]},"author_info":{"display_name":"Redacci\u00f3n","author_link":"https:\/\/samanoticiasdurango.com\/index.php\/author\/jjsama13gmail-com\/"},"category_info":"<a href=\"https:\/\/samanoticiasdurango.com\/index.php\/category\/archivo\/\" rel=\"category tag\">DURANGO<\/a>","tag_info":"DURANGO","comment_count":"0","jetpack_sharing_enabled":true,"_links":{"self":[{"href":"https:\/\/samanoticiasdurango.com\/index.php\/wp-json\/wp\/v2\/posts\/8052","targetHints":{"allow":["GET"]}}],"collection":[{"href":"https:\/\/samanoticiasdurango.com\/index.php\/wp-json\/wp\/v2\/posts"}],"about":[{"href":"https:\/\/samanoticiasdurango.com\/index.php\/wp-json\/wp\/v2\/types\/post"}],"author":[{"embeddable":true,"href":"https:\/\/samanoticiasdurango.com\/index.php\/wp-json\/wp\/v2\/users\/1"}],"replies":[{"embeddable":true,"href":"https:\/\/samanoticiasdurango.com\/index.php\/wp-json\/wp\/v2\/comments?post=8052"}],"version-history":[{"count":1,"href":"https:\/\/samanoticiasdurango.com\/index.php\/wp-json\/wp\/v2\/posts\/8052\/revisions"}],"predecessor-version":[{"id":8054,"href":"https:\/\/samanoticiasdurango.com\/index.php\/wp-json\/wp\/v2\/posts\/8052\/revisions\/8054"}],"wp:featuredmedia":[{"embeddable":true,"href":"https:\/\/samanoticiasdurango.com\/index.php\/wp-json\/wp\/v2\/media\/8053"}],"wp:attachment":[{"href":"https:\/\/samanoticiasdurango.com\/index.php\/wp-json\/wp\/v2\/media?parent=8052"}],"wp:term":[{"taxonomy":"category","embeddable":true,"href":"https:\/\/samanoticiasdurango.com\/index.php\/wp-json\/wp\/v2\/categories?post=8052"},{"taxonomy":"post_tag","embeddable":true,"href":"https:\/\/samanoticiasdurango.com\/index.php\/wp-json\/wp\/v2\/tags?post=8052"}],"curies":[{"name":"wp","href":"https:\/\/api.w.org\/{rel}","templated":true}]}}