{"id":8259,"date":"2024-01-13T14:59:01","date_gmt":"2024-01-13T14:59:01","guid":{"rendered":"http:\/\/samanoticiasdurango.com\/?p=8259"},"modified":"2024-01-13T14:59:03","modified_gmt":"2024-01-13T14:59:03","slug":"del-derecho-a-la-alegria-al-callejon-de-la-banalidad-por-luis-farias-mackey","status":"publish","type":"post","link":"https:\/\/samanoticiasdurango.com\/index.php\/2024\/01\/13\/del-derecho-a-la-alegria-al-callejon-de-la-banalidad-por-luis-farias-mackey\/","title":{"rendered":"Del derecho a la alegr\u00eda al callej\u00f3n de la banalidad Por:\u00a0<a href=\"https:\/\/thebunker.mx\/7763\/Del-derecho-a-la-alegr%C3%ADa-al-callej%C3%B3n-de-la-banalidad#\">Luis Farias Mackey<\/a>"},"content":{"rendered":"\n<p>Recupero las palabras de Enrique Alfaro porque rebasan con mucho un corral partidista espec\u00edfico parra irrigar y pintar nuestra decadencia pol\u00edtica nacional, al menos en una de sus facetas.<\/p>\n\n\n\n<p>Dice Alfaro: \u201cQuienes usan de idea de lo nuevo para disfrazar el absurdo, los que nos metieron en el callej\u00f3n de la banalidad, el callej\u00f3n de la no pol\u00edtica\u201d.<\/p>\n\n\n\n<p>Destaquemos sus argumentos torales: el enga\u00f1o que habla de lo nuevo para embozar lo absurdo, y el entrampamiento en lo banal y la negaci\u00f3n de lo pol\u00edtico.<\/p>\n\n\n\n<p>Queda claro que el problema de Alfaro no es con \u00c1lvarez M\u00e1ynez, antes bien lo suyo es una gracia admonitoria que le se\u00f1ala con precisi\u00f3n y clarividencia el coraz\u00f3n del problema. \u00a1Aguas Jorge!, parece gritarle.<\/p>\n\n\n\n<p>Y tampoco es un problema exclusivo de Movimiento Ciudadano. Es una advertencia a la pol\u00edtica sin sentido, sin seriedad, sin congruencia, sin verg\u00fcenza. A la \u201cno pol\u00edtica\u201d.<\/p>\n\n\n\n<p>El espect\u00e1culo por pol\u00edtica que hoy tenemos, es en el fondo un vejatorio negocio al que no le importa destruir el tejido identitario y dejar a un lado la atenci\u00f3n de nuestra ingente sobrevivencia como Naci\u00f3n. No es que ganen mucho dinero, es el da\u00f1o que hacen a la argamasa pol\u00edtica que destruyen con sus voraces sinsentidos.<\/p>\n\n\n\n<p>Posiblemente la regulaci\u00f3n de la publicidad pol\u00edtica, incluida en ella la demoscopia, que termin\u00f3 en simple instrumental propagand\u00edstico y, claro, negocio, ser\u00e1 una de las principales asignaturas pendiente de una reforma pol\u00edtica que, ojal\u00e1, todav\u00eda haya oportunidad de hacer, si lo \u201cnuevo\u201d, lo banal y lo no pol\u00edtico no acaban antes con M\u00e9xico.<\/p>\n\n\n\n<p>Y no se trata de ser adusto o fr\u00edvolo \u2014ligero, le llaman ahora queriendo tapar con una tanga de hilo al elefante con que se han acostado\u2014, se trata de que la pol\u00edtica es antes que nada contenido, valores, fines, compromisos, y luego acci\u00f3n. No exclusivamente ruido.<\/p>\n\n\n\n<p>Y s\u00ed, la pol\u00edtica es aburrida porque trata de los problemas de todos, las opiniones de todos y los intereses de todos. Es densa, complicada, contradictoria, siempre en gerundio. Quien la quiera hacer divertida y balad\u00ed, no s\u00f3lo la desnaturaliza: la hace est\u00e9ril y suicida.<\/p>\n\n\n\n<p>PS1. \u2014 Dos cosas presume el esposo de Mariana de su destape \u201cligero\u201d: la no necesidad de&nbsp;<em>telepronter<\/em>&nbsp;y los millones de vistas a su video. La ausencia de lo primero no es virtud, ni genialidad; es descuido, soberbia, indolencia e incomprensi\u00f3n de la realidad. Ni siquiera se percat\u00f3 que aport\u00f3 prueba fehaciente de su residencia fuera de Monterrey. Lo segundo es desconocer que la mayor parte de las visitas al video bien pueden ser contrarias y ofensivas a su causa e inter\u00e9s. Pero, m\u00e1s a\u00fan, ignora que los&nbsp;<em>likes<\/em>&nbsp;y vistas no son votos.<\/p>\n\n\n\n<p>PS2. \u2014 \u00c1lvarez M\u00e1ynez debe salirse de los callejones del absurdo, lo banal y la no pol\u00edtica, pero tambi\u00e9n de uno a\u00fan m\u00e1s peligroso: el Callej\u00f3n de Samuel. Una candidatura no es una \u201c<em>estafeta<\/em>\u201d, es una unci\u00f3n, en tanto gracia y comunicaci\u00f3n que mueve a la perfecci\u00f3n y a la virtud, que eleva al sujeto a otra categor\u00eda, reto y sacrificio. Y no, \u00e9l no es un perrito para que le griten \u00a1Arr\u00e1ncate M\u00e1ynez! \u00c9l es el que fija ahora los tiempos y los ritmos. Quien tiene que crear su propia y personal narrativa y candidatura, marcar su terreno, su paso, su velocidad, su impronta. Aceptar que \u00e9l es s\u00f3lo la respuesta a lo que nadie le hizo a Samuel, y menos en \u00e9l a lo j\u00f3venes de M\u00e9xico, lo deja en condici\u00f3n de achichincle, mozo de espadas, coordinador encargado de candidatura podrida, plato de segunda mesa. Vestir simplemente la&nbsp;<em>giubba<\/em>&nbsp;s\u00f3lo lo hace&nbsp;<em>plagiacci<\/em>. Adem\u00e1s permitir\u00eda que Samuel y Mariana sigan siendo los due\u00f1os y ejes centrales de su \u201ccandidatura\u201d y narrativa. Corresponde a \u00e9l decidir, decir y acreditar si \u00a1<em>Habemus candidato<\/em>!<\/p>\n\n\n\n<p>PS 3. \u2014 Gran parte de la carga sobre los hombros de \u00c1lvarez M\u00e1ynez es obra, que no m\u00e9rito, de sus destapadores. Ojal\u00e1 lo alcance a ver.<\/p>\n\n\n\n<p>Publicado en\u00a0#SamaNoticias<\/p>\n\n\n\n<p>#TheBunkerMX<br>#LFMOpinion<br>#Parreshia<br>#Alfaro<br>#Absurdo<br>#banalidad<br>#NoPolitica<br>#AlvarezMaynez<br>#Politica<br>#Candidatura<\/p>\n","protected":false},"excerpt":{"rendered":"<p>Recupero las palabras de Enrique Alfaro porque rebasan con mucho un corral partidista espec\u00edfico parra<\/p>\n","protected":false},"author":1,"featured_media":8260,"comment_status":"open","ping_status":"open","sticky":false,"template":"","format":"standard","meta":{"om_disable_all_campaigns":false,"_monsterinsights_skip_tracking":false,"_monsterinsights_sitenote_active":false,"_monsterinsights_sitenote_note":"","_monsterinsights_sitenote_category":0,"_jetpack_memberships_contains_paid_content":false,"footnotes":"","jetpack_publicize_message":"","jetpack_publicize_feature_enabled":true,"jetpack_social_post_already_shared":false,"jetpack_social_options":{"image_generator_settings":{"template":"highway","enabled":false},"version":2}},"categories":[5],"tags":[],"class_list":["post-8259","post","type-post","status-publish","format-standard","has-post-thumbnail","hentry","category-nacional"],"jetpack_publicize_connections":[],"aioseo_notices":[],"jetpack_featured_media_url":"https:\/\/samanoticiasdurango.com\/wp-content\/uploads\/3-5.jpg","featured_image_urls":{"full":["https:\/\/samanoticiasdurango.com\/wp-content\/uploads\/3-5.jpg",1600,900,false],"thumbnail":["https:\/\/samanoticiasdurango.com\/wp-content\/uploads\/3-5-150x150.jpg",150,150,true],"medium":["https:\/\/samanoticiasdurango.com\/wp-content\/uploads\/3-5-300x169.jpg",300,169,true],"medium_large":["https:\/\/samanoticiasdurango.com\/wp-content\/uploads\/3-5-768x432.jpg",640,360,true],"large":["https:\/\/samanoticiasdurango.com\/wp-content\/uploads\/3-5-1024x576.jpg",640,360,true],"1536x1536":["https:\/\/samanoticiasdurango.com\/wp-content\/uploads\/3-5-1536x864.jpg",1536,864,true],"2048x2048":["https:\/\/samanoticiasdurango.com\/wp-content\/uploads\/3-5.jpg",1600,900,false],"chromenews-featured":["https:\/\/samanoticiasdurango.com\/wp-content\/uploads\/3-5-1024x576.jpg",1024,576,true],"chromenews-large":["https:\/\/samanoticiasdurango.com\/wp-content\/uploads\/3-5-825x575.jpg",825,575,true],"chromenews-medium":["https:\/\/samanoticiasdurango.com\/wp-content\/uploads\/3-5-590x410.jpg",590,410,true]},"author_info":{"display_name":"Redacci\u00f3n","author_link":"https:\/\/samanoticiasdurango.com\/index.php\/author\/jjsama13gmail-com\/"},"category_info":"<a href=\"https:\/\/samanoticiasdurango.com\/index.php\/category\/nacional\/\" rel=\"category tag\">NACIONAL<\/a>","tag_info":"NACIONAL","comment_count":"0","jetpack_sharing_enabled":true,"_links":{"self":[{"href":"https:\/\/samanoticiasdurango.com\/index.php\/wp-json\/wp\/v2\/posts\/8259","targetHints":{"allow":["GET"]}}],"collection":[{"href":"https:\/\/samanoticiasdurango.com\/index.php\/wp-json\/wp\/v2\/posts"}],"about":[{"href":"https:\/\/samanoticiasdurango.com\/index.php\/wp-json\/wp\/v2\/types\/post"}],"author":[{"embeddable":true,"href":"https:\/\/samanoticiasdurango.com\/index.php\/wp-json\/wp\/v2\/users\/1"}],"replies":[{"embeddable":true,"href":"https:\/\/samanoticiasdurango.com\/index.php\/wp-json\/wp\/v2\/comments?post=8259"}],"version-history":[{"count":1,"href":"https:\/\/samanoticiasdurango.com\/index.php\/wp-json\/wp\/v2\/posts\/8259\/revisions"}],"predecessor-version":[{"id":8261,"href":"https:\/\/samanoticiasdurango.com\/index.php\/wp-json\/wp\/v2\/posts\/8259\/revisions\/8261"}],"wp:featuredmedia":[{"embeddable":true,"href":"https:\/\/samanoticiasdurango.com\/index.php\/wp-json\/wp\/v2\/media\/8260"}],"wp:attachment":[{"href":"https:\/\/samanoticiasdurango.com\/index.php\/wp-json\/wp\/v2\/media?parent=8259"}],"wp:term":[{"taxonomy":"category","embeddable":true,"href":"https:\/\/samanoticiasdurango.com\/index.php\/wp-json\/wp\/v2\/categories?post=8259"},{"taxonomy":"post_tag","embeddable":true,"href":"https:\/\/samanoticiasdurango.com\/index.php\/wp-json\/wp\/v2\/tags?post=8259"}],"curies":[{"name":"wp","href":"https:\/\/api.w.org\/{rel}","templated":true}]}}