{"id":8346,"date":"2024-01-18T14:55:00","date_gmt":"2024-01-18T14:55:00","guid":{"rendered":"http:\/\/samanoticiasdurango.com\/?p=8346"},"modified":"2024-01-18T14:55:02","modified_gmt":"2024-01-18T14:55:02","slug":"rescatan-a-21-personas-que-estuvieron-secuestradas-durante-un-mes-en-reynosa","status":"publish","type":"post","link":"https:\/\/samanoticiasdurango.com\/index.php\/2024\/01\/18\/rescatan-a-21-personas-que-estuvieron-secuestradas-durante-un-mes-en-reynosa\/","title":{"rendered":"Rescatan a 21 personas que estuvieron secuestradas durante un mes en Reynosa"},"content":{"rendered":"\n<p>Autoridades de&nbsp;<strong>Tamaulipas<\/strong>&nbsp;lograron rescatar a un grupo de<strong>&nbsp;21 personas&nbsp;<\/strong>que se encontraban privadas de su libertad en la ciudad fronteriza de&nbsp;<strong>Reynosa<\/strong>, luego de un operativo desplegado en conjunto con elementos federales.<\/p>\n\n\n\n<p>La Vocer\u00eda de Seguridad estatal inform\u00f3 que a las 16:00 horas del 17 de enero se localizaron a 21 personas provenientes de cinco pa\u00edses extranjeros en la\u00a0<strong>colonia Balcones de Alcal\u00e1.<\/strong>\u00a0Los reportes indican que se encontraban secuestradas desde hace un mes aproximadamente, sin que sus familiares supieran sobre su paradero.<\/p>\n\n\n\n<p>Entre los rescatados se encontraban 10 hombres, cuatro mujeres y siete menores de edad. De ese total, ocho son originarios de&nbsp;<strong>M\u00e9xico<\/strong>, siete de&nbsp;<strong>Venezuela<\/strong>, dos de&nbsp;<strong>Hait\u00ed<\/strong>, uno de&nbsp;<strong>Costa<\/strong>&nbsp;<strong>Rica<\/strong>, uno de&nbsp;<strong>Colombia<\/strong>&nbsp;y dos de&nbsp;<strong>Guatemala<\/strong>. Sin embargo, no se dio a conocer cu\u00e1l era su estatus legal en el pa\u00eds, es decir, si eran migrantes indocumentados.<\/p>\n\n\n\n<p>Una vez localizados, se solicit\u00f3 el apoyo de&nbsp;<strong>Protecci\u00f3n Civil&nbsp;<\/strong>para brindar los primeros auxilios a las personas que lo requer\u00edan. Si bien las unidades m\u00e9dicas realizaron las labores correspondientes, no se determin\u00f3 si se encontraban bien de salud o hab\u00edan sido v\u00edctimas de violencia.<\/p>\n\n\n\n<p><img loading=\"lazy\" decoding=\"async\" alt=\"Personal del Instituto Nacional de Migraci\u00f3n (INM) se entrevist\u00f3 con  las 21 personas secuestradas en Tamaulipas (Fot: EFE\/Madla Hartz)\" height=\"2968\" width=\"4000\" src=\"https:\/\/www.infobae.com\/new-resizer\/U-eOSTQpv70pglnzwtgH3UuL8fA=\/420x315\/filters:format(webp):quality(85)\/cloudfront-us-east-1.images.arcpublishing.com\/infobae\/QVMYZJWUUBCVTGY57YEQTV5OQ4.jpg%20420w\" srcset=\"https:\/\/www.infobae.com\/new-resizer\/U-eOSTQpv70pglnzwtgH3UuL8fA=\/420x315\/filters:format(webp):quality(85)\/cloudfront-us-east-1.images.arcpublishing.com\/infobae\/QVMYZJWUUBCVTGY57YEQTV5OQ4.jpg 420w,https:\/\/www.infobae.com\/new-resizer\/5g6jtYxLuPWIfz4klz_X1cPFZN8=\/768x576\/filters:format(webp):quality(85)\/cloudfront-us-east-1.images.arcpublishing.com\/infobae\/QVMYZJWUUBCVTGY57YEQTV5OQ4.jpg 768w,https:\/\/www.infobae.com\/new-resizer\/JKhu2N226Ie-jIbrhd_al0qdhz4=\/992x744\/filters:format(webp):quality(85)\/cloudfront-us-east-1.images.arcpublishing.com\/infobae\/QVMYZJWUUBCVTGY57YEQTV5OQ4.jpg 992w,https:\/\/www.infobae.com\/new-resizer\/sIm3fje2NJvgn9kYi_uAxF-4Chw=\/1200x900\/filters:format(webp):quality(85)\/cloudfront-us-east-1.images.arcpublishing.com\/infobae\/QVMYZJWUUBCVTGY57YEQTV5OQ4.jpg 1200w,https:\/\/www.infobae.com\/new-resizer\/nPBK9vOU2Gsx4poliVHlFLXk4H0=\/1440x1080\/filters:format(webp):quality(85)\/cloudfront-us-east-1.images.arcpublishing.com\/infobae\/QVMYZJWUUBCVTGY57YEQTV5OQ4.jpg 1440w\">Personal del Instituto Nacional de Migraci\u00f3n (INM) se entrevist\u00f3 con las 21 personas secuestradas en Tamaulipas (Fot: EFE\/Madla Hartz)<\/p>\n\n\n\n<p>Posteriormente, personal del Instituto Nacional de Migraci\u00f3n (<strong>INM<\/strong>) se traslad\u00f3 a la colonia Balcones de Alcal\u00e1 para entrevistarse con las v\u00edctimas que estaban privadas de su libertad. En tanto, 11 elementos de la Secretar\u00eda de la Defensa Nacional (<strong>Sedena<\/strong>) arribaron al mismo lugar a bordo de dos unidades oficiales.<\/p>\n\n\n\n<p>Las 21 personas fueron trasladadas a las 17:23 horas a las inmediaciones de la Fiscal\u00eda General de la Rep\u00fablica (<strong>FGR<\/strong>) en Reynosa, con la finalidad de llevar a cabo las indagatorias correspondientes.<\/p>\n\n\n\n<p>Pese al despliegue de la Sedena, no se reportaron&nbsp;<strong>personas detenidas<\/strong>&nbsp;por estos hechos, por lo que hasta el momento se desconoce si detr\u00e1s de estos m\u00faltiples secuestros se encuentra un grupo criminal.<\/p>\n\n\n\n<p>Este caso se presenta a dos semanas de la&nbsp;<strong>liberaci\u00f3n de 32 migrantes&nbsp;<\/strong>que hab\u00edan sido secuestrados en la carretera Reynosa-Matamoros por un comando armado. Las victimas eran 21 adultos y 11 menores de edad, entre los que se encontraba un beb\u00e9 de tan solo un a\u00f1o.<\/p>\n\n\n\n<p><img loading=\"lazy\" decoding=\"async\" alt=\"Los migrantes fueron liberados el 3 de enero. (X\/@JesusRCuevas)\n\" height=\"1080\" width=\"1920\" src=\"https:\/\/www.infobae.com\/new-resizer\/q3stnx_KTsLCqvMherLwhe6I2hM=\/420x236\/filters:format(webp):quality(85)\/cloudfront-us-east-1.images.arcpublishing.com\/infobae\/ZJIXIKXSZFEV7MUERP4OORP4PI.jpg%20420w\" srcset=\"https:\/\/www.infobae.com\/new-resizer\/q3stnx_KTsLCqvMherLwhe6I2hM=\/420x236\/filters:format(webp):quality(85)\/cloudfront-us-east-1.images.arcpublishing.com\/infobae\/ZJIXIKXSZFEV7MUERP4OORP4PI.jpg 420w,https:\/\/www.infobae.com\/new-resizer\/lLAXzG1TS3kvrU3xqOa7wI9ZLCg=\/768x432\/filters:format(webp):quality(85)\/cloudfront-us-east-1.images.arcpublishing.com\/infobae\/ZJIXIKXSZFEV7MUERP4OORP4PI.jpg 768w,https:\/\/www.infobae.com\/new-resizer\/2aTeni1PsqzH5w6lk7RISN2fnYI=\/992x558\/filters:format(webp):quality(85)\/cloudfront-us-east-1.images.arcpublishing.com\/infobae\/ZJIXIKXSZFEV7MUERP4OORP4PI.jpg 992w,https:\/\/www.infobae.com\/new-resizer\/EB5eBOn_sZg8izXFkxai_M3BRc0=\/1200x675\/filters:format(webp):quality(85)\/cloudfront-us-east-1.images.arcpublishing.com\/infobae\/ZJIXIKXSZFEV7MUERP4OORP4PI.jpg 1200w,https:\/\/www.infobae.com\/new-resizer\/GUMBknHqQQOBwdezgOlfyNfV5iM=\/1440x810\/filters:format(webp):quality(85)\/cloudfront-us-east-1.images.arcpublishing.com\/infobae\/ZJIXIKXSZFEV7MUERP4OORP4PI.jpg 1440w\">Los migrantes fueron liberados el 3 de enero. (X\/@JesusRCuevas)<\/p>\n\n\n\n<p><strong>Rosa Icela Rodr\u00edguez<\/strong>, titular de la Secretar\u00eda de Seguridad y Protecci\u00f3n Ciudadana (SSPC), inform\u00f3 en conferencia de prensa del 5 de enero que estas personas se encontraban en buen estado de salud y no presentaban lesiones.<\/p>\n\n\n\n<p>Entre los migrantes liberados se encontraban 12 mujeres, 11 menores de edad y nueve hombres. Se precis\u00f3 que eran\u00a0<strong>venezolanos<\/strong>\u00a0y\u00a0<strong>hondure\u00f1os<\/strong>. Al igual que en el caso anterior, no hubo personas detenidas por estos hechos.<\/p>\n\n\n\n<p><strong>Con informaci\u00f3n de INFOBAE<\/strong><\/p>\n","protected":false},"excerpt":{"rendered":"<p>Autoridades de&nbsp;Tamaulipas&nbsp;lograron rescatar a un grupo de&nbsp;21 personas&nbsp;que se encontraban privadas de su libertad en<\/p>\n","protected":false},"author":1,"featured_media":8347,"comment_status":"open","ping_status":"open","sticky":false,"template":"","format":"standard","meta":{"om_disable_all_campaigns":false,"_monsterinsights_skip_tracking":false,"_monsterinsights_sitenote_active":false,"_monsterinsights_sitenote_note":"","_monsterinsights_sitenote_category":0,"_jetpack_memberships_contains_paid_content":false,"footnotes":"","jetpack_publicize_message":"","jetpack_publicize_feature_enabled":true,"jetpack_social_post_already_shared":false,"jetpack_social_options":{"image_generator_settings":{"template":"highway","enabled":false},"version":2}},"categories":[5],"tags":[],"class_list":["post-8346","post","type-post","status-publish","format-standard","has-post-thumbnail","hentry","category-nacional"],"jetpack_publicize_connections":[],"aioseo_notices":[],"jetpack_featured_media_url":"https:\/\/samanoticiasdurango.com\/wp-content\/uploads\/secuestro.jpeg","featured_image_urls":{"full":["https:\/\/samanoticiasdurango.com\/wp-content\/uploads\/secuestro.jpeg",680,340,false],"thumbnail":["https:\/\/samanoticiasdurango.com\/wp-content\/uploads\/secuestro-150x150.jpeg",150,150,true],"medium":["https:\/\/samanoticiasdurango.com\/wp-content\/uploads\/secuestro-300x150.jpeg",300,150,true],"medium_large":["https:\/\/samanoticiasdurango.com\/wp-content\/uploads\/secuestro.jpeg",640,320,false],"large":["https:\/\/samanoticiasdurango.com\/wp-content\/uploads\/secuestro.jpeg",640,320,false],"1536x1536":["https:\/\/samanoticiasdurango.com\/wp-content\/uploads\/secuestro.jpeg",680,340,false],"2048x2048":["https:\/\/samanoticiasdurango.com\/wp-content\/uploads\/secuestro.jpeg",680,340,false],"chromenews-featured":["https:\/\/samanoticiasdurango.com\/wp-content\/uploads\/secuestro.jpeg",680,340,false],"chromenews-large":["https:\/\/samanoticiasdurango.com\/wp-content\/uploads\/secuestro.jpeg",680,340,false],"chromenews-medium":["https:\/\/samanoticiasdurango.com\/wp-content\/uploads\/secuestro-590x340.jpeg",590,340,true]},"author_info":{"display_name":"Redacci\u00f3n","author_link":"https:\/\/samanoticiasdurango.com\/index.php\/author\/jjsama13gmail-com\/"},"category_info":"<a href=\"https:\/\/samanoticiasdurango.com\/index.php\/category\/nacional\/\" rel=\"category tag\">NACIONAL<\/a>","tag_info":"NACIONAL","comment_count":"0","jetpack_sharing_enabled":true,"_links":{"self":[{"href":"https:\/\/samanoticiasdurango.com\/index.php\/wp-json\/wp\/v2\/posts\/8346","targetHints":{"allow":["GET"]}}],"collection":[{"href":"https:\/\/samanoticiasdurango.com\/index.php\/wp-json\/wp\/v2\/posts"}],"about":[{"href":"https:\/\/samanoticiasdurango.com\/index.php\/wp-json\/wp\/v2\/types\/post"}],"author":[{"embeddable":true,"href":"https:\/\/samanoticiasdurango.com\/index.php\/wp-json\/wp\/v2\/users\/1"}],"replies":[{"embeddable":true,"href":"https:\/\/samanoticiasdurango.com\/index.php\/wp-json\/wp\/v2\/comments?post=8346"}],"version-history":[{"count":1,"href":"https:\/\/samanoticiasdurango.com\/index.php\/wp-json\/wp\/v2\/posts\/8346\/revisions"}],"predecessor-version":[{"id":8348,"href":"https:\/\/samanoticiasdurango.com\/index.php\/wp-json\/wp\/v2\/posts\/8346\/revisions\/8348"}],"wp:featuredmedia":[{"embeddable":true,"href":"https:\/\/samanoticiasdurango.com\/index.php\/wp-json\/wp\/v2\/media\/8347"}],"wp:attachment":[{"href":"https:\/\/samanoticiasdurango.com\/index.php\/wp-json\/wp\/v2\/media?parent=8346"}],"wp:term":[{"taxonomy":"category","embeddable":true,"href":"https:\/\/samanoticiasdurango.com\/index.php\/wp-json\/wp\/v2\/categories?post=8346"},{"taxonomy":"post_tag","embeddable":true,"href":"https:\/\/samanoticiasdurango.com\/index.php\/wp-json\/wp\/v2\/tags?post=8346"}],"curies":[{"name":"wp","href":"https:\/\/api.w.org\/{rel}","templated":true}]}}