{"id":8372,"date":"2024-01-20T14:48:45","date_gmt":"2024-01-20T14:48:45","guid":{"rendered":"http:\/\/samanoticiasdurango.com\/?p=8372"},"modified":"2024-01-20T14:48:47","modified_gmt":"2024-01-20T14:48:47","slug":"migrantes-se-concentran-en-norte-de-honduras-para-salir-hacia-ee-uu","status":"publish","type":"post","link":"https:\/\/samanoticiasdurango.com\/index.php\/2024\/01\/20\/migrantes-se-concentran-en-norte-de-honduras-para-salir-hacia-ee-uu\/","title":{"rendered":"<a href=\"https:\/\/lopezdoriga.com\/internacional\/migrantes-se-concentran-en-norte-de-honduras-para-salir-hacia-ee-uu\/\">Migrantes se concentran en norte de Honduras para salir hacia EE.UU.<\/a>"},"content":{"rendered":"\n<p>Decenas de&nbsp;<strong>migrantes<\/strong>, entre hondure\u00f1os y extranjeros, se comenzaron a concentrar en una&nbsp;<strong>central de autobuses<\/strong>&nbsp;de San Pedro Sula, en el norte de Honduras, con la idea de salir el s\u00e1bado en&nbsp;<strong>caravana<\/strong>&nbsp;hacia Estados Unidos.<\/p>\n\n\n\n<p>Los&nbsp;<strong>migrantes<\/strong>, entre hombres, mujeres y muchos ni\u00f1os, algunos menores de cinco a\u00f1os, comenzaron a llegar a la Central Metropolitana de&nbsp;<strong>San Pedro Sula<\/strong>, la segunda ciudad m\u00e1s importante de Honduras, hacia las 19:00 h del tiempo local.<\/p>\n\n\n\n<p>Un&nbsp;<strong>migrante<\/strong>&nbsp;venezolano, que dijo que viaja solo, se\u00f1al\u00f3 que sali\u00f3 de su pa\u00eds porque \u201cno hay oportunidades de trabajo\u201d y que su objetivo es \u201cllegar a Estados Unidos\u201d.<\/p>\n\n\n\n<p>Respuestas similares dieron&nbsp;<strong>tres<\/strong>&nbsp;<strong>hondure\u00f1os<\/strong>&nbsp;que afirmaron ser oriundos de Aramecina, departamento de Valle, en el sur de Honduras, fronterizo con El Salvador.<\/p>\n\n\n\n<p>Una&nbsp;<strong>mujer<\/strong>, procedente de Jes\u00fas de Otoro, departamento de Intibuc\u00e1, en el oeste hondure\u00f1o, se\u00f1al\u00f3 que se va de su pa\u00eds porque \u201cno hay trabajo\u201d y quiere \u201clo mejor\u201d para sus \u201cdos hijos\u201d, a los que est\u00e1 dejando con otros familiares.<\/p>\n\n\n\n<p>En principio la mayor\u00eda de migrantes estaban descansando en un \u00e1rea verde de la&nbsp;<strong>Central Metropolitana<\/strong>, situada a orillas de un bulevar en el extremo sur de San Pedro Sula, pero una lluvia les oblig\u00f3 a movilizarse a espacios bajo techo en la misma terminal de autobuses.<\/p>\n\n\n\n<p>Algunos de los migrantes hondure\u00f1os portaban&nbsp;<strong>banderas<\/strong>&nbsp;de su pa\u00eds en azul turquesa y blanco, con cinco estrellas, que representan a cinco de los pa\u00edses centroamericanos que se independizaron de la Corona espa\u00f1ola el 15 de septiembre de 1821 (Costa Rica, El Salvador, Guatemala, Honduras y Nicaragua).<\/p>\n\n\n\n<p>Los&nbsp;<strong>migrantes<\/strong>, provistos en su mayor\u00eda de una mochila, no sab\u00edan hasta las 23:00 horas locales (05:00 GMT) si saldr\u00edan en caravana, a pie, o en autobuses, ni por cu\u00e1l punto fronterizo con Guatemala prev\u00e9n salir.<\/p>\n\n\n\n<p>Desde San Pedro Sula, el punto fronterizo m\u00e1s cercano que tienen, es el de Corinto, en el departamento de Cort\u00e9s, norte, a menos de 100 kil\u00f3metros.<\/p>\n\n\n\n<p>El segundo es el de&nbsp;<strong>Agua<\/strong>&nbsp;<strong>Caliente<\/strong>, departamento de Ocotepeque, oeste, lim\u00edtrofe con Guatemala y El Salvador, situado a m\u00e1s de 220 kil\u00f3metros de San Pedro Sula.<\/p>\n\n\n\n<p>Seg\u00fan organismos de&nbsp;<strong>derechos<\/strong>&nbsp;<strong>humanos<\/strong>, a diario entre 700 y&nbsp; mil hondure\u00f1os abandonan su pa\u00eds por la falta de empleo y la inseguridad, con una violencia criminal que deja al menos 10 muertos diarios.<\/p>\n\n\n\n<p>El pa\u00eds centroamericano tambi\u00e9n es de&nbsp;<strong>tr\u00e1nsito<\/strong>&nbsp;para miles de migrantes procedentes de Am\u00e9rica del Sur, el Caribe, \u00c1frica y Asia.<\/p>\n\n\n\n<p>El estatal&nbsp;<strong>Comisionado Nacional de los Derechos Humanos en Honduras<\/strong>&nbsp;(Conadeh) indic\u00f3 el pasado d\u00eda 14 que al menos 5 mil 709 migrantes, en su mayor\u00eda de Venezuela, ingresaron de manera irregular a Honduras en la primera semana de enero.<\/p>\n\n\n\n<p>De los 5 mil 709 migrantes registrados, mil 130 son de Venezuela y 948 de Cuba, mientras que el resto de otros pa\u00edses, inform\u00f3 el&nbsp;<strong>Conadeh<\/strong>&nbsp;en un comunicado.<\/p>\n\n\n\n<p>Se\u00f1al\u00f3 adem\u00e1s que entre 2010 y lo que va de 2024, por&nbsp;<strong>Honduras<\/strong>&nbsp;transitaron 870 mil 940 migrantes, procedentes del Caribe, Centroam\u00e9rica, Am\u00e9rica del Sur, \u00c1frica y Asia.<\/p>\n\n\n\n<p>De esa cifra, 733 mil 901, que representan el 84 por ciento, lo hicieron entre 2022 y 2023, a\u00f1ade el informe del organismo humanitario.<\/p>\n\n\n\n<p><strong>Con informaci\u00f3n de EFE<\/strong><\/p>\n","protected":false},"excerpt":{"rendered":"<p>Decenas de&nbsp;migrantes, entre hondure\u00f1os y extranjeros, se comenzaron a concentrar en una&nbsp;central de autobuses&nbsp;de San<\/p>\n","protected":false},"author":1,"featured_media":8373,"comment_status":"open","ping_status":"open","sticky":false,"template":"","format":"standard","meta":{"om_disable_all_campaigns":false,"_monsterinsights_skip_tracking":false,"_monsterinsights_sitenote_active":false,"_monsterinsights_sitenote_note":"","_monsterinsights_sitenote_category":0,"_jetpack_memberships_contains_paid_content":false,"footnotes":"","jetpack_publicize_message":"","jetpack_publicize_feature_enabled":true,"jetpack_social_post_already_shared":false,"jetpack_social_options":{"image_generator_settings":{"template":"highway","enabled":false},"version":2}},"categories":[6],"tags":[],"class_list":["post-8372","post","type-post","status-publish","format-standard","has-post-thumbnail","hentry","category-internacional"],"jetpack_publicize_connections":[],"aioseo_notices":[],"jetpack_featured_media_url":"https:\/\/samanoticiasdurango.com\/wp-content\/uploads\/migrantes-honduras-scaled-1.webp","featured_image_urls":{"full":["https:\/\/samanoticiasdurango.com\/wp-content\/uploads\/migrantes-honduras-scaled-1.webp",1536,1024,false],"thumbnail":["https:\/\/samanoticiasdurango.com\/wp-content\/uploads\/migrantes-honduras-scaled-1-150x150.webp",150,150,true],"medium":["https:\/\/samanoticiasdurango.com\/wp-content\/uploads\/migrantes-honduras-scaled-1-300x200.webp",300,200,true],"medium_large":["https:\/\/samanoticiasdurango.com\/wp-content\/uploads\/migrantes-honduras-scaled-1-768x512.webp",640,427,true],"large":["https:\/\/samanoticiasdurango.com\/wp-content\/uploads\/migrantes-honduras-scaled-1-1024x683.webp",640,427,true],"1536x1536":["https:\/\/samanoticiasdurango.com\/wp-content\/uploads\/migrantes-honduras-scaled-1.webp",1536,1024,false],"2048x2048":["https:\/\/samanoticiasdurango.com\/wp-content\/uploads\/migrantes-honduras-scaled-1.webp",1536,1024,false],"chromenews-featured":["https:\/\/samanoticiasdurango.com\/wp-content\/uploads\/migrantes-honduras-scaled-1-1024x683.webp",1024,683,true],"chromenews-large":["https:\/\/samanoticiasdurango.com\/wp-content\/uploads\/migrantes-honduras-scaled-1-825x575.webp",825,575,true],"chromenews-medium":["https:\/\/samanoticiasdurango.com\/wp-content\/uploads\/migrantes-honduras-scaled-1-590x410.webp",590,410,true]},"author_info":{"display_name":"Redacci\u00f3n","author_link":"https:\/\/samanoticiasdurango.com\/index.php\/author\/jjsama13gmail-com\/"},"category_info":"<a href=\"https:\/\/samanoticiasdurango.com\/index.php\/category\/internacional\/\" rel=\"category tag\">INTERNACIONAL<\/a>","tag_info":"INTERNACIONAL","comment_count":"0","jetpack_sharing_enabled":true,"_links":{"self":[{"href":"https:\/\/samanoticiasdurango.com\/index.php\/wp-json\/wp\/v2\/posts\/8372","targetHints":{"allow":["GET"]}}],"collection":[{"href":"https:\/\/samanoticiasdurango.com\/index.php\/wp-json\/wp\/v2\/posts"}],"about":[{"href":"https:\/\/samanoticiasdurango.com\/index.php\/wp-json\/wp\/v2\/types\/post"}],"author":[{"embeddable":true,"href":"https:\/\/samanoticiasdurango.com\/index.php\/wp-json\/wp\/v2\/users\/1"}],"replies":[{"embeddable":true,"href":"https:\/\/samanoticiasdurango.com\/index.php\/wp-json\/wp\/v2\/comments?post=8372"}],"version-history":[{"count":1,"href":"https:\/\/samanoticiasdurango.com\/index.php\/wp-json\/wp\/v2\/posts\/8372\/revisions"}],"predecessor-version":[{"id":8374,"href":"https:\/\/samanoticiasdurango.com\/index.php\/wp-json\/wp\/v2\/posts\/8372\/revisions\/8374"}],"wp:featuredmedia":[{"embeddable":true,"href":"https:\/\/samanoticiasdurango.com\/index.php\/wp-json\/wp\/v2\/media\/8373"}],"wp:attachment":[{"href":"https:\/\/samanoticiasdurango.com\/index.php\/wp-json\/wp\/v2\/media?parent=8372"}],"wp:term":[{"taxonomy":"category","embeddable":true,"href":"https:\/\/samanoticiasdurango.com\/index.php\/wp-json\/wp\/v2\/categories?post=8372"},{"taxonomy":"post_tag","embeddable":true,"href":"https:\/\/samanoticiasdurango.com\/index.php\/wp-json\/wp\/v2\/tags?post=8372"}],"curies":[{"name":"wp","href":"https:\/\/api.w.org\/{rel}","templated":true}]}}