{"id":8417,"date":"2024-01-23T14:55:00","date_gmt":"2024-01-23T14:55:00","guid":{"rendered":"http:\/\/samanoticiasdurango.com\/?p=8417"},"modified":"2024-01-23T14:55:01","modified_gmt":"2024-01-23T14:55:01","slug":"el-mexicano-rodrigo-prieto-nominado-al-oscar-por-los-asesinos-de-la-luna","status":"publish","type":"post","link":"https:\/\/samanoticiasdurango.com\/index.php\/2024\/01\/23\/el-mexicano-rodrigo-prieto-nominado-al-oscar-por-los-asesinos-de-la-luna\/","title":{"rendered":"<a href=\"https:\/\/lopezdoriga.com\/entretenimiento\/mexicano-rodrigo-prieto-nominado-oscar-los-asesinos-de-la-luna\/\">El mexicano Rodrigo Prieto, nominado al \u00d3scar por Los asesinos de la luna<\/a>"},"content":{"rendered":"\n<p>El\u00a0<strong>mexicano Rodrigo Prieto<\/strong>\u00a0fue\u00a0<strong>nominado<\/strong>\u00a0a los\u00a0<strong>Premios \u00d3scar 2024<\/strong>\u00a0por su trabajo de fotograf\u00eda en la cinta\u00a0<strong>Los asesinos de la luna<\/strong>.<\/p>\n\n\n\n<p>Prieto compite por la estatuilla a&nbsp;<strong>Mejor Cinematograf\u00eda<\/strong>&nbsp;con Hoyte van Hoytema (\u2018Oppenheimer\u2019), Matthew Libatique (\u2018Maestro\u2019), Robbie Ryan (\u2018Poor Things\u2019) y Edward Lachman (\u2018El Conde\u2019).<\/p>\n\n\n\n<p>Esta es la cuarta candidatura al \u00d3scar que acumula en su trayectoria el mexicano, quien anteriormente hab\u00eda sido nominado por \u2018Brokeback Mountain\u2019, \u2018Silence\u2019 y \u2018The Irishman\u2019, estas dos \u00faltimas tambi\u00e9n dirigidas por Scorsese.<\/p>\n\n\n\n<p>Prieto adem\u00e1s fue parte de la producci\u00f3n de \u2018The Wolf of Wall Street\u2019 del reputado director estadounidense, y su carrera tambi\u00e9n la conforman filmes como \u2018Babel\u2019 y \u2018Biutiful\u2019, de Alejandro Gonz\u00e1lez I\u00f1\u00e1rritu, y \u2018Los abrazos rotos\u2019, de Pedro Almod\u00f3var.<\/p>\n\n\n\n<p>En lo que va de la temporada de premios 2024, Prieto logr\u00f3 ser nominado dos veces en la categor\u00eda de mejor fotograf\u00eda de los Critics Choice Awards, pues tambi\u00e9n fue el cinefot\u00f3grafo del fen\u00f3meno del verano \u2018Barbie\u2019, sin embargo, Van Hoytema fue quien sali\u00f3 vencedor en dicha gala.<\/p>\n\n\n\n<p>Para \u2018<strong>Los asesinos de la luna<\/strong>\u2018 el director de fotograf\u00eda tuvo como reto retratar a una comunidad del pueblo originario osage en Oklahoma (centro de EE.UU.) en la d\u00e9cada de 1920, mientras que en la cinta protagonizada por Margot Robbie trabaj\u00f3 para plasmar el mundo rosado de la mu\u00f1eca de pl\u00e1stico.<\/p>\n\n\n\n<p>En 2013, Prieto incursion\u00f3 como director con el cortometraje \u2018Likeness\u2019, que debut\u00f3 en el festival de cine de Tribeca, y seis a\u00f1os m\u00e1s tarde present\u00f3 otro m\u00e1s titulado \u2018R&amp;R\u2019.<\/p>\n\n\n\n<p>Ahora, se prepara para presentar \u2018Pedro P\u00e1ramo\u2019, su primer largometraje, en el que de la mano de Netflix contar\u00e1 una de las obras literarias m\u00e1s c\u00e9lebres de M\u00e9xico, escrita por Juan Rulfo.<\/p>\n\n\n\n<p>El proyecto se encuentra en fase de postproducci\u00f3n y se espera que se estrene este a\u00f1o.<\/p>\n\n\n\n<p>Los \u00d3scar 2024 se llevar\u00e1n a cabo el 10 de marzo desde el teatro Dolby de Los \u00c1ngeles (EE.UU.) y la gala ser\u00e1 presentada por Jimmy Kimmel por segundo a\u00f1o consecutivo.<\/p>\n\n\n\n<p><strong>Con informaci\u00f3n de EFE<\/strong><\/p>\n","protected":false},"excerpt":{"rendered":"<p>El\u00a0mexicano Rodrigo Prieto\u00a0fue\u00a0nominado\u00a0a los\u00a0Premios \u00d3scar 2024\u00a0por su trabajo de fotograf\u00eda en la cinta\u00a0Los asesinos de<\/p>\n","protected":false},"author":1,"featured_media":8418,"comment_status":"open","ping_status":"open","sticky":false,"template":"","format":"standard","meta":{"om_disable_all_campaigns":false,"_monsterinsights_skip_tracking":false,"_monsterinsights_sitenote_active":false,"_monsterinsights_sitenote_note":"","_monsterinsights_sitenote_category":0,"_jetpack_memberships_contains_paid_content":false,"footnotes":"","jetpack_publicize_message":"","jetpack_publicize_feature_enabled":true,"jetpack_social_post_already_shared":false,"jetpack_social_options":{"image_generator_settings":{"template":"highway","enabled":false},"version":2}},"categories":[23],"tags":[],"class_list":["post-8417","post","type-post","status-publish","format-standard","has-post-thumbnail","hentry","category-entretenimiento"],"jetpack_publicize_connections":[],"aioseo_notices":[],"jetpack_featured_media_url":"https:\/\/samanoticiasdurango.com\/wp-content\/uploads\/rodrigo-prieto-1-scaled-1.webp","featured_image_urls":{"full":["https:\/\/samanoticiasdurango.com\/wp-content\/uploads\/rodrigo-prieto-1-scaled-1.webp",1536,1059,false],"thumbnail":["https:\/\/samanoticiasdurango.com\/wp-content\/uploads\/rodrigo-prieto-1-scaled-1-150x150.webp",150,150,true],"medium":["https:\/\/samanoticiasdurango.com\/wp-content\/uploads\/rodrigo-prieto-1-scaled-1-300x207.webp",300,207,true],"medium_large":["https:\/\/samanoticiasdurango.com\/wp-content\/uploads\/rodrigo-prieto-1-scaled-1-768x530.webp",640,442,true],"large":["https:\/\/samanoticiasdurango.com\/wp-content\/uploads\/rodrigo-prieto-1-scaled-1-1024x706.webp",640,441,true],"1536x1536":["https:\/\/samanoticiasdurango.com\/wp-content\/uploads\/rodrigo-prieto-1-scaled-1.webp",1536,1059,false],"2048x2048":["https:\/\/samanoticiasdurango.com\/wp-content\/uploads\/rodrigo-prieto-1-scaled-1.webp",1536,1059,false],"chromenews-featured":["https:\/\/samanoticiasdurango.com\/wp-content\/uploads\/rodrigo-prieto-1-scaled-1-1024x706.webp",1024,706,true],"chromenews-large":["https:\/\/samanoticiasdurango.com\/wp-content\/uploads\/rodrigo-prieto-1-scaled-1-825x575.webp",825,575,true],"chromenews-medium":["https:\/\/samanoticiasdurango.com\/wp-content\/uploads\/rodrigo-prieto-1-scaled-1-590x410.webp",590,410,true]},"author_info":{"display_name":"Redacci\u00f3n","author_link":"https:\/\/samanoticiasdurango.com\/index.php\/author\/jjsama13gmail-com\/"},"category_info":"<a href=\"https:\/\/samanoticiasdurango.com\/index.php\/category\/entretenimiento\/\" rel=\"category tag\">ENTRETENIMIENTO<\/a>","tag_info":"ENTRETENIMIENTO","comment_count":"0","jetpack_sharing_enabled":true,"_links":{"self":[{"href":"https:\/\/samanoticiasdurango.com\/index.php\/wp-json\/wp\/v2\/posts\/8417","targetHints":{"allow":["GET"]}}],"collection":[{"href":"https:\/\/samanoticiasdurango.com\/index.php\/wp-json\/wp\/v2\/posts"}],"about":[{"href":"https:\/\/samanoticiasdurango.com\/index.php\/wp-json\/wp\/v2\/types\/post"}],"author":[{"embeddable":true,"href":"https:\/\/samanoticiasdurango.com\/index.php\/wp-json\/wp\/v2\/users\/1"}],"replies":[{"embeddable":true,"href":"https:\/\/samanoticiasdurango.com\/index.php\/wp-json\/wp\/v2\/comments?post=8417"}],"version-history":[{"count":1,"href":"https:\/\/samanoticiasdurango.com\/index.php\/wp-json\/wp\/v2\/posts\/8417\/revisions"}],"predecessor-version":[{"id":8419,"href":"https:\/\/samanoticiasdurango.com\/index.php\/wp-json\/wp\/v2\/posts\/8417\/revisions\/8419"}],"wp:featuredmedia":[{"embeddable":true,"href":"https:\/\/samanoticiasdurango.com\/index.php\/wp-json\/wp\/v2\/media\/8418"}],"wp:attachment":[{"href":"https:\/\/samanoticiasdurango.com\/index.php\/wp-json\/wp\/v2\/media?parent=8417"}],"wp:term":[{"taxonomy":"category","embeddable":true,"href":"https:\/\/samanoticiasdurango.com\/index.php\/wp-json\/wp\/v2\/categories?post=8417"},{"taxonomy":"post_tag","embeddable":true,"href":"https:\/\/samanoticiasdurango.com\/index.php\/wp-json\/wp\/v2\/tags?post=8417"}],"curies":[{"name":"wp","href":"https:\/\/api.w.org\/{rel}","templated":true}]}}