{"id":8446,"date":"2024-01-26T15:15:13","date_gmt":"2024-01-26T15:15:13","guid":{"rendered":"http:\/\/samanoticiasdurango.com\/?p=8446"},"modified":"2024-01-26T15:15:15","modified_gmt":"2024-01-26T15:15:15","slug":"suman-mas-de-26-mil-muertos-en-la-franja-de-gaza-por-la-guerra-entre-israel-y-hamas","status":"publish","type":"post","link":"https:\/\/samanoticiasdurango.com\/index.php\/2024\/01\/26\/suman-mas-de-26-mil-muertos-en-la-franja-de-gaza-por-la-guerra-entre-israel-y-hamas\/","title":{"rendered":"<a href=\"https:\/\/lopezdoriga.com\/internacional\/suman-mas-26-mil-muertos-franja-de-gaza-guerra-israel-hamas\/\">Suman m\u00e1s de 26 mil muertos en la Franja de Gaza por la guerra entre Israel y Ham\u00e1s<\/a>"},"content":{"rendered":"\n<p>El n\u00famero de&nbsp;<strong>v\u00edctimas<\/strong>&nbsp;de la&nbsp;<strong>guerra<\/strong>&nbsp;en la&nbsp;<a href=\"https:\/\/lopezdoriga.com\/nacional\/mexico-reitera-llamado-urgente-para-liberar-a-rehenes-en-la-franja-de-gaza\/\" target=\"_blank\" rel=\"noreferrer noopener\"><strong>Franja de Gaza<\/strong><\/a>&nbsp;ha aumentado a&nbsp;<strong>26 mil 83 muertos y 64 mil 487 heridos<\/strong>&nbsp;desde que comenz\u00f3 la escalada entre&nbsp;<strong>Israel<\/strong>&nbsp;y el grupo islamista&nbsp;<strong>Ham\u00e1s<\/strong>&nbsp;el 7 de octubre, inform\u00f3 este viernes el&nbsp;<strong>Ministerio de Sanidad de Gaza<\/strong>.<\/p>\n\n\n\n<blockquote class=\"wp-block-quote is-layout-flow wp-block-quote-is-layout-flow\">\n<p>En las \u00faltimas 24 horas, la ocupaci\u00f3n israel\u00ed cometi\u00f3 19 masacres contra familias en la Franja de Gaza, causando 183 muertos y 377 heridos\u201d, precis\u00f3 el ministerio, controlado por Ham\u00e1s.<\/p>\n<\/blockquote>\n\n\n\n<p>A los muertos y heridos -la mayor\u00eda ni\u00f1os y mujeres- se suman unos&nbsp;<strong>8 mil desaparecidos<\/strong>&nbsp;bajo los escombros u otros lugares, pero Israel \u201cimpide que las ambulancias y los equipos de protecci\u00f3n civil puedan llegar hasta ellos\u201d, a\u00f1adi\u00f3.<\/p>\n\n\n\n<p>La guerra, que estall\u00f3 tras un ataque de Ham\u00e1s contra Israel en el que fueron asesinadas mil 200 personas y 250 fueron tomadas como rehenes, entr\u00f3 este viernes en su jornada 112.<\/p>\n\n\n\n<p>El Ej\u00e9rcito de Israel focaliza su ofensiva por aire, tierra y mar sobre Jan Yunis, la regi\u00f3n m\u00e1s importante del sur del enclave palestino y basti\u00f3n miliciano. Ah\u00ed, las tropas israel\u00edes se encuentran rodeando varios de los principales hospitales, que albergan miles de pacientes y desplazados, argumentando que dentro se hallan miembros de Ham\u00e1s.<\/p>\n\n\n\n<p>El Ej\u00e9rcito israel\u00ed dice que se trata de \u201coperaciones precisas\u201d que no afectan el funcionamiento de los centros m\u00e9dicos y no requieren su evacuaci\u00f3n, pero el Ministerio de Sanidad gazat\u00ed asegura los hospitales Naser y Al Amal se encuentran totalmente asediados desde hace d\u00edas, completamente paralizados, sin alimentos, sin anest\u00e9sicos o analg\u00e9sicos, ni espacios seguros.<\/p>\n\n\n\n<p>Durante la noche, las tropas israel\u00edes realizaron \u201cintensos disparos de artiller\u00eda y drones hacia las estructuras y patios del hospital Naser\u201d, inform\u00f3 la agencia oficial de noticias palestina, Wafa.<\/p>\n\n\n\n<p>El Ej\u00e9rcito israel\u00ed ha estado emitiendo esta semana \u00f3rdenes de evacuaci\u00f3n a trav\u00e9s de las redes sociales en ciertas \u00e1reas de la ciudad de Jan Yunis que suman unos 4 kil\u00f3metros cuadrados, en los que se encuentran alrededor de 88.000 residentes y cerca de 425.000 desplazados internos que se refugian en 24 escuelas y otras instituciones, inform\u00f3 OCHA, la agencia humanitaria de la ONU.<\/p>\n\n\n\n<p>La zona afectada incluye el hospital Naser, con capacidad para 475 camas y que actualmente alberga a unos 18.000 desplazados, el Hospital Al Amal, con 100 camas, y el Hospital Jordano, con 50 camas, lo que representa casi el 20 por ciento de los hospitales que a\u00fan funcionan parcialmente en toda la Franja de Gaza, a\u00f1adi\u00f3.<\/p>\n\n\n\n<p>OCHA tambi\u00e9n reporta que, \u201ca pesar de no haber un paso seguro\u201d, numerosos palestinos intentan huir de Jan Yunis a la ciudad de Rafah, colindante con Egipto, que ya est\u00e1 superpoblada en medio del desplazamiento forzado de cerca de dos millones de gazat\u00edes, casi el total de la poblaci\u00f3n.<\/p>\n\n\n\n<p>Adem\u00e1s, el Hospital Al Kheir, uno de los tres \u00fanicos en la Franja de Gaza que brinda servicios de maternidad, dej\u00f3 de funcionar y muchos de sus pacientes, reci\u00e9n sometidos a operaciones cr\u00edticas, tuvieron que ser evacuados.<\/p>\n\n\n\n<p>El mi\u00e9rcoles, un ataque contra un albergue de la UNRWA en Jan Yunis, donde se refugiaban unas 800 personas, 13 murieron y 75 resultaron heridas, y quince tienen un pron\u00f3stico cr\u00edtico.<\/p>\n\n\n\n<p>La Franja de Gaza enfrenta una crisis humanitaria sin precedentes, con cientos de miles de personas viviendo a la intemperie bajo las lluvias y heladas del invierno, en medio de epidemias y el colapso de los hospitales, adem\u00e1s de la persistente escasez de agua potable, alimentos, medicinas, combustible y energ\u00eda.<\/p>\n\n\n\n<p>La ayuda m\u00e9dica que llega al enclave palestino \u201csigue siendo limitada e incompatible con nuestras necesidades b\u00e1sicas, y el 70 por ciento de ella no se puede utilizar y est\u00e1 fuera de nuestras prioridades\u201d, denunci\u00f3 el Ministerio de Sanidad gazat\u00ed, al subrayar que precisa insumos para salas de emergencia y cuidados intensivos, quir\u00f3fanos, guarder\u00edas, oncolog\u00eda y enfermedades cr\u00f3nicas.<\/p>\n\n\n\n<p><strong>Con informaci\u00f3n de EFE<\/strong><\/p>\n","protected":false},"excerpt":{"rendered":"<p>El n\u00famero de&nbsp;v\u00edctimas&nbsp;de la&nbsp;guerra&nbsp;en la&nbsp;Franja de Gaza&nbsp;ha aumentado a&nbsp;26 mil 83 muertos y 64 mil<\/p>\n","protected":false},"author":1,"featured_media":8447,"comment_status":"open","ping_status":"open","sticky":false,"template":"","format":"standard","meta":{"om_disable_all_campaigns":false,"_monsterinsights_skip_tracking":false,"_monsterinsights_sitenote_active":false,"_monsterinsights_sitenote_note":"","_monsterinsights_sitenote_category":0,"_jetpack_memberships_contains_paid_content":false,"footnotes":"","jetpack_publicize_message":"","jetpack_publicize_feature_enabled":true,"jetpack_social_post_already_shared":false,"jetpack_social_options":{"image_generator_settings":{"template":"highway","enabled":false},"version":2}},"categories":[6],"tags":[],"class_list":["post-8446","post","type-post","status-publish","format-standard","has-post-thumbnail","hentry","category-internacional"],"jetpack_publicize_connections":[],"aioseo_notices":[],"jetpack_featured_media_url":"https:\/\/samanoticiasdurango.com\/wp-content\/uploads\/gaza-palestina-campo-refugiados.webp","featured_image_urls":{"full":["https:\/\/samanoticiasdurango.com\/wp-content\/uploads\/gaza-palestina-campo-refugiados.webp",1536,1024,false],"thumbnail":["https:\/\/samanoticiasdurango.com\/wp-content\/uploads\/gaza-palestina-campo-refugiados-150x150.webp",150,150,true],"medium":["https:\/\/samanoticiasdurango.com\/wp-content\/uploads\/gaza-palestina-campo-refugiados-300x200.webp",300,200,true],"medium_large":["https:\/\/samanoticiasdurango.com\/wp-content\/uploads\/gaza-palestina-campo-refugiados-768x512.webp",640,427,true],"large":["https:\/\/samanoticiasdurango.com\/wp-content\/uploads\/gaza-palestina-campo-refugiados-1024x683.webp",640,427,true],"1536x1536":["https:\/\/samanoticiasdurango.com\/wp-content\/uploads\/gaza-palestina-campo-refugiados.webp",1536,1024,false],"2048x2048":["https:\/\/samanoticiasdurango.com\/wp-content\/uploads\/gaza-palestina-campo-refugiados.webp",1536,1024,false],"chromenews-featured":["https:\/\/samanoticiasdurango.com\/wp-content\/uploads\/gaza-palestina-campo-refugiados-1024x683.webp",1024,683,true],"chromenews-large":["https:\/\/samanoticiasdurango.com\/wp-content\/uploads\/gaza-palestina-campo-refugiados-825x575.webp",825,575,true],"chromenews-medium":["https:\/\/samanoticiasdurango.com\/wp-content\/uploads\/gaza-palestina-campo-refugiados-590x410.webp",590,410,true]},"author_info":{"display_name":"Redacci\u00f3n","author_link":"https:\/\/samanoticiasdurango.com\/index.php\/author\/jjsama13gmail-com\/"},"category_info":"<a href=\"https:\/\/samanoticiasdurango.com\/index.php\/category\/internacional\/\" rel=\"category tag\">INTERNACIONAL<\/a>","tag_info":"INTERNACIONAL","comment_count":"0","jetpack_sharing_enabled":true,"_links":{"self":[{"href":"https:\/\/samanoticiasdurango.com\/index.php\/wp-json\/wp\/v2\/posts\/8446","targetHints":{"allow":["GET"]}}],"collection":[{"href":"https:\/\/samanoticiasdurango.com\/index.php\/wp-json\/wp\/v2\/posts"}],"about":[{"href":"https:\/\/samanoticiasdurango.com\/index.php\/wp-json\/wp\/v2\/types\/post"}],"author":[{"embeddable":true,"href":"https:\/\/samanoticiasdurango.com\/index.php\/wp-json\/wp\/v2\/users\/1"}],"replies":[{"embeddable":true,"href":"https:\/\/samanoticiasdurango.com\/index.php\/wp-json\/wp\/v2\/comments?post=8446"}],"version-history":[{"count":1,"href":"https:\/\/samanoticiasdurango.com\/index.php\/wp-json\/wp\/v2\/posts\/8446\/revisions"}],"predecessor-version":[{"id":8448,"href":"https:\/\/samanoticiasdurango.com\/index.php\/wp-json\/wp\/v2\/posts\/8446\/revisions\/8448"}],"wp:featuredmedia":[{"embeddable":true,"href":"https:\/\/samanoticiasdurango.com\/index.php\/wp-json\/wp\/v2\/media\/8447"}],"wp:attachment":[{"href":"https:\/\/samanoticiasdurango.com\/index.php\/wp-json\/wp\/v2\/media?parent=8446"}],"wp:term":[{"taxonomy":"category","embeddable":true,"href":"https:\/\/samanoticiasdurango.com\/index.php\/wp-json\/wp\/v2\/categories?post=8446"},{"taxonomy":"post_tag","embeddable":true,"href":"https:\/\/samanoticiasdurango.com\/index.php\/wp-json\/wp\/v2\/tags?post=8446"}],"curies":[{"name":"wp","href":"https:\/\/api.w.org\/{rel}","templated":true}]}}