{"id":8547,"date":"2024-02-01T14:31:28","date_gmt":"2024-02-01T14:31:28","guid":{"rendered":"http:\/\/samanoticiasdurango.com\/?p=8547"},"modified":"2024-02-01T14:31:29","modified_gmt":"2024-02-01T14:31:29","slug":"mas-de-27-mil-muertos-en-la-franja-de-gaza-en-118-dias-de-guerra-entre-israel-y-hamas","status":"publish","type":"post","link":"https:\/\/samanoticiasdurango.com\/index.php\/2024\/02\/01\/mas-de-27-mil-muertos-en-la-franja-de-gaza-en-118-dias-de-guerra-entre-israel-y-hamas\/","title":{"rendered":"<a href=\"https:\/\/lopezdoriga.com\/internacional\/mas-27-mil-muertos-franja-de-gaza-118-dias-guerra-israel-hamas\/\">M\u00e1s de 27 mil muertos en la Franja de Gaza en 118 d\u00edas de guerra entre Israel y Ham\u00e1s<\/a>"},"content":{"rendered":"\n<p>M\u00e1s de\u00a0<strong>27 mil gazat\u00edes<\/strong>\u00a0han\u00a0<strong>muerto<\/strong>\u00a0en los<strong>\u00a0118 d\u00edas<\/strong>\u00a0de\u00a0<a href=\"https:\/\/lopezdoriga.com\/internacional\/onu-gaza-ya-no-es-un-lugar-habitable-guerra\/\" target=\"_blank\" rel=\"noreferrer noopener\"><strong>guerra<\/strong>\u00a0en\u00a0<strong>Gaza<\/strong><\/a>\u00a0entre\u00a0<strong>Israel<\/strong>\u00a0y\u00a0<strong>Ham\u00e1s<\/strong>\u00a0y adem\u00e1s se calcula que hay casi 8 mil cuerpos de extintos bajo los escombros, dijo este jueves el\u00a0<strong>Ministerio de Sanidad de la Franja<\/strong>, controlado por el movimiento islamista.<\/p>\n\n\n\n<p>El ministerio ha registrado desde el 7 de octubre hasta la fecha 27 mil 19 personas muertas y 66 mil 139 heridas. En las \u00faltimas 24 horas se contabilizaron 118 muertos y 190 heridos.<\/p>\n\n\n\n<p>Hay \u201cnumerosas v\u00edctimas bajo los escombros y en carreteras, mientras la ocupaci\u00f3n (Israel) impide que ambulancias y equipos de protecci\u00f3n civil lleguen gasta ellos\u201d, denunci\u00f3 la portavoz del Ministerio,&nbsp;<strong>Ashraf al Qudra<\/strong>.<\/p>\n\n\n\n<p>La agencia oficial palestina Wafa report\u00f3 decenas de muertos gazat\u00edes y heridos en \u201cbombardeos y disparos de artiller\u00eda y misiles israel\u00edes\u201d en el oeste de ciudad de Gaza, en los barrios Rimal y Tal al Hawa, donde las ambulancias no pudieron llegar para llevarlos hasta el hospital Shifa.<\/p>\n\n\n\n<blockquote class=\"wp-block-quote is-layout-flow wp-block-quote-is-layout-flow\">\n<p>Varios civiles murieron y decenas resultaron heridos despu\u00e9s de que los aviones de ocupaci\u00f3n bombardearan dos casas en el barrio de&nbsp;<strong>Zaytun<\/strong>, al sureste de la ciudad de Gaza\u201d, agreg\u00f3 la agencia.<\/p>\n<\/blockquote>\n\n\n\n<p>En el centro del enclave, Wafa inform\u00f3 de muertos en ataques a\u00e9reos israel\u00edes en viviendas familiares en el campo de refugiados de Nuseirat y en la ciudad de Deir al Balah.<\/p>\n\n\n\n<p>Aunque gran parte de la ofensiva israel\u00ed se centra en el interior de Jan Yunis, donde mantiene asediados por und\u00e9cimo d\u00eda consecutivo los hospitales Naser y Al Amal, este \u00faltimo gestionado por la Media Luna Roja palestina, que denunci\u00f3 ayer que las tropas israel\u00edes disparaban contra cualquiera que intentara salir.<\/p>\n\n\n\n<p>Wafa tambi\u00e9n indica que la armada israel\u00ed dispar\u00f3 contra las costas del sur de la Franja, hacia Al Wusta y Rafah, \u00e1rea en la que tambi\u00e9n hubo bombardeos a\u00e9reos en terrenos bald\u00edos en la frontera con Egipto.<\/p>\n\n\n\n<p>En Rafah se concentran m\u00e1s de 1 mill\u00f3n de gazat\u00edes, casi la mitad de la poblaci\u00f3n total de la Franja, evacuados y hacinados, donde se est\u00e1n expandiendo enfermedades contagiosas.<\/p>\n\n\n\n<p>La ofensiva terrestre del Ej\u00e9rcito israel\u00ed, que comenz\u00f3 a finales de octubre, ha provocado 224 bajas en las filas israel\u00edes, la cifra m\u00e1s alta de ca\u00eddos en el&nbsp;<a href=\"https:\/\/twitter.com\/FDIonline\" target=\"_blank\" rel=\"noreferrer noopener\">Ej\u00e9rcito israel\u00ed<\/a>&nbsp;desde la guerra de Yom Kipur, en 1973.<\/p>\n\n\n\n<p>La guerra comenz\u00f3 el 7 de octubre, a ra\u00edz de un brutal atentado de Ham\u00e1s en suelo israel\u00ed que caus\u00f3 m\u00e1s de mil 200 muertos -incluidos unos 330 soldados y 60 polic\u00edas- y 253 secuestrados, de los que 132 siguen a\u00fan cautivos.<\/p>\n\n\n\n<p><strong>Con informaci\u00f3n de EFE<\/strong><\/p>\n","protected":false},"excerpt":{"rendered":"<p>M\u00e1s de\u00a027 mil gazat\u00edes\u00a0han\u00a0muerto\u00a0en los\u00a0118 d\u00edas\u00a0de\u00a0guerra\u00a0en\u00a0Gaza\u00a0entre\u00a0Israel\u00a0y\u00a0Ham\u00e1s\u00a0y adem\u00e1s se calcula que hay casi 8 mil cuerpos<\/p>\n","protected":false},"author":1,"featured_media":8548,"comment_status":"open","ping_status":"open","sticky":false,"template":"","format":"standard","meta":{"om_disable_all_campaigns":false,"_monsterinsights_skip_tracking":false,"_monsterinsights_sitenote_active":false,"_monsterinsights_sitenote_note":"","_monsterinsights_sitenote_category":0,"_jetpack_memberships_contains_paid_content":false,"footnotes":"","jetpack_publicize_message":"","jetpack_publicize_feature_enabled":true,"jetpack_social_post_already_shared":false,"jetpack_social_options":{"image_generator_settings":{"template":"highway","enabled":false},"version":2}},"categories":[6],"tags":[],"class_list":["post-8547","post","type-post","status-publish","format-standard","has-post-thumbnail","hentry","category-internacional"],"jetpack_publicize_connections":[],"aioseo_notices":[],"jetpack_featured_media_url":"https:\/\/samanoticiasdurango.com\/wp-content\/uploads\/GAZA.jpg","featured_image_urls":{"full":["https:\/\/samanoticiasdurango.com\/wp-content\/uploads\/GAZA.jpg",1600,900,false],"thumbnail":["https:\/\/samanoticiasdurango.com\/wp-content\/uploads\/GAZA-150x150.jpg",150,150,true],"medium":["https:\/\/samanoticiasdurango.com\/wp-content\/uploads\/GAZA-300x169.jpg",300,169,true],"medium_large":["https:\/\/samanoticiasdurango.com\/wp-content\/uploads\/GAZA-768x432.jpg",640,360,true],"large":["https:\/\/samanoticiasdurango.com\/wp-content\/uploads\/GAZA-1024x576.jpg",640,360,true],"1536x1536":["https:\/\/samanoticiasdurango.com\/wp-content\/uploads\/GAZA-1536x864.jpg",1536,864,true],"2048x2048":["https:\/\/samanoticiasdurango.com\/wp-content\/uploads\/GAZA.jpg",1600,900,false],"chromenews-featured":["https:\/\/samanoticiasdurango.com\/wp-content\/uploads\/GAZA-1024x576.jpg",1024,576,true],"chromenews-large":["https:\/\/samanoticiasdurango.com\/wp-content\/uploads\/GAZA-825x575.jpg",825,575,true],"chromenews-medium":["https:\/\/samanoticiasdurango.com\/wp-content\/uploads\/GAZA-590x410.jpg",590,410,true]},"author_info":{"display_name":"Redacci\u00f3n","author_link":"https:\/\/samanoticiasdurango.com\/index.php\/author\/jjsama13gmail-com\/"},"category_info":"<a href=\"https:\/\/samanoticiasdurango.com\/index.php\/category\/internacional\/\" rel=\"category tag\">INTERNACIONAL<\/a>","tag_info":"INTERNACIONAL","comment_count":"0","jetpack_sharing_enabled":true,"_links":{"self":[{"href":"https:\/\/samanoticiasdurango.com\/index.php\/wp-json\/wp\/v2\/posts\/8547","targetHints":{"allow":["GET"]}}],"collection":[{"href":"https:\/\/samanoticiasdurango.com\/index.php\/wp-json\/wp\/v2\/posts"}],"about":[{"href":"https:\/\/samanoticiasdurango.com\/index.php\/wp-json\/wp\/v2\/types\/post"}],"author":[{"embeddable":true,"href":"https:\/\/samanoticiasdurango.com\/index.php\/wp-json\/wp\/v2\/users\/1"}],"replies":[{"embeddable":true,"href":"https:\/\/samanoticiasdurango.com\/index.php\/wp-json\/wp\/v2\/comments?post=8547"}],"version-history":[{"count":1,"href":"https:\/\/samanoticiasdurango.com\/index.php\/wp-json\/wp\/v2\/posts\/8547\/revisions"}],"predecessor-version":[{"id":8549,"href":"https:\/\/samanoticiasdurango.com\/index.php\/wp-json\/wp\/v2\/posts\/8547\/revisions\/8549"}],"wp:featuredmedia":[{"embeddable":true,"href":"https:\/\/samanoticiasdurango.com\/index.php\/wp-json\/wp\/v2\/media\/8548"}],"wp:attachment":[{"href":"https:\/\/samanoticiasdurango.com\/index.php\/wp-json\/wp\/v2\/media?parent=8547"}],"wp:term":[{"taxonomy":"category","embeddable":true,"href":"https:\/\/samanoticiasdurango.com\/index.php\/wp-json\/wp\/v2\/categories?post=8547"},{"taxonomy":"post_tag","embeddable":true,"href":"https:\/\/samanoticiasdurango.com\/index.php\/wp-json\/wp\/v2\/tags?post=8547"}],"curies":[{"name":"wp","href":"https:\/\/api.w.org\/{rel}","templated":true}]}}