{"id":8662,"date":"2024-02-05T15:31:01","date_gmt":"2024-02-05T15:31:01","guid":{"rendered":"http:\/\/samanoticiasdurango.com\/?p=8662"},"modified":"2024-02-05T15:31:01","modified_gmt":"2024-02-05T15:31:01","slug":"transportistas-niegan-acuerdo-con-gobierno-y-senalan-que-paro-nacional-sigue-en-pie","status":"publish","type":"post","link":"https:\/\/samanoticiasdurango.com\/index.php\/2024\/02\/05\/transportistas-niegan-acuerdo-con-gobierno-y-senalan-que-paro-nacional-sigue-en-pie\/","title":{"rendered":"<a href=\"https:\/\/lopezdoriga.com\/nacional\/transportistas-niegan-acuerdo-gobierno-senalan-paro-nacional-sigue\/\">Transportistas niegan acuerdo con Gobierno y se\u00f1alan que paro nacional sigue en pie<\/a>"},"content":{"rendered":"\n<p><strong>Transportistas<\/strong>&nbsp;que integran la Organizaci\u00f3n Integradora de Derechos Convencionales, A.C. (<strong>Indeco<\/strong>) dejaron en claro que&nbsp;<strong>no pactaron<\/strong>&nbsp;con el Gobierno y que realizar\u00e1n el<strong>&nbsp;paro nacional<\/strong>&nbsp;que tienen contemplado para este lunes&nbsp;<strong>5 de febrero<\/strong>, en protesta por los asaltos y violencia en carreteras del pa\u00eds.<\/p>\n\n\n\n<p>En entrevista con&nbsp;<strong>Radio F\u00f3rmula<\/strong>, el presidente de la Indeco,&nbsp;<strong>Ignacio Granados<\/strong>, desminti\u00f3 el comunicado del Gobierno mexicano&nbsp;en el sentido de que no se realizar\u00eda el paro nacional.<\/p>\n\n\n\n<blockquote class=\"wp-block-quote is-layout-flow wp-block-quote-is-layout-flow\">\n<p>Seguimos en el paro, no entendemos cu\u00e1l fue la intenci\u00f3n de la Segob con el comunicado; tenemos convocados en todo el pa\u00eds a 150 mil transportistas, a las 08:00 h\u201d, apunt\u00f3 en entrevista para Azucena Uresti.<\/p>\n<\/blockquote>\n\n\n\n<p>\u201cTenemos gente en el Arco Norte, en Monterrey, Chiapas, Jalisco (\u2026) La reuni\u00f3n fue el s\u00e1bado con Segob, pero nunca se acord\u00f3 que no habr\u00eda paro\u201d, puntualiz\u00f3 el dirigente de transportistas.<\/p>\n\n\n\n<p>El\u00a0<strong>Gobierno de M\u00e9xico<\/strong>\u00a0<a href=\"https:\/\/lopezdoriga.com\/nacional\/transportistas-cancelan-paro-carreteras-acuerdo-gobierno-federal\/\" target=\"_blank\" rel=\"noreferrer noopener\">inform\u00f3 en la previa<\/a>\u00a0del acuerdo alcanzado con la\u00a0<strong>Federaci\u00f3n Mexicoamericana de Transportistas<\/strong>\u00a0(<strong>Fematrac<\/strong>) para evitar un paro de labores este lunes y dise\u00f1ar acciones que atiendan la inseguridad en las carreteras.<\/p>\n\n\n\n<p>En espec\u00edfico, se acord\u00f3 la coordinaci\u00f3n de seguridad en carreteras por parte de la Secretar\u00eda de Seguridad y Protecci\u00f3n Civil (SSPC) y la Guardia Nacional; atenci\u00f3n administrativa por parte de la Secretar\u00eda de Gobernaci\u00f3n (Segob) y SICT; as\u00ed como enlace con las autoridades estatales y municipales y de la Segob.<\/p>\n\n\n\n<p>\u201cDerivado de la mesa de di\u00e1logo en la Secretar\u00eda de Gobernaci\u00f3n, las organizaciones informaron que no realizar\u00e1n ning\u00fan paro nacional ni bloqueo de v\u00edas federales en las manifestaciones que realicen con sus agremiados\u201d, apunt\u00f3.<\/p>\n\n\n\n<p>La reuni\u00f3n se dio entre autoridades del Gobierno mexicano y representantes gremiales de la Fematrac, que integra tambi\u00e9n la Organizaci\u00f3n Integradora de Derechos Convencionales, Alianza Mexicana de Transportistas y Uni\u00f3n de Transportistas de Carga.<\/p>\n\n\n\n<p>El paro de los transportadores est\u00e1 programado a las 08:00 h de este lunes 5 de febrero, D\u00eda de la Constituci\u00f3n, siendo la inseguridad en las carreteras el principal motivador para exigir a las autoridades una soluci\u00f3n.<\/p>\n\n\n\n<p><strong>Con informaci\u00f3n de Radio F\u00f3rmula y L\u00f3pez-D\u00f3riga Digital<\/strong><\/p>\n","protected":false},"excerpt":{"rendered":"<p>Transportistas&nbsp;que integran la Organizaci\u00f3n Integradora de Derechos Convencionales, A.C. (Indeco) dejaron en claro que&nbsp;no pactaron&nbsp;con<\/p>\n","protected":false},"author":1,"featured_media":8663,"comment_status":"open","ping_status":"open","sticky":false,"template":"","format":"standard","meta":{"om_disable_all_campaigns":false,"_monsterinsights_skip_tracking":false,"_monsterinsights_sitenote_active":false,"_monsterinsights_sitenote_note":"","_monsterinsights_sitenote_category":0,"_jetpack_memberships_contains_paid_content":false,"footnotes":"","jetpack_publicize_message":"","jetpack_publicize_feature_enabled":true,"jetpack_social_post_already_shared":false,"jetpack_social_options":{"image_generator_settings":{"template":"highway","enabled":false},"version":2}},"categories":[5],"tags":[],"class_list":["post-8662","post","type-post","status-publish","format-standard","has-post-thumbnail","hentry","category-nacional"],"jetpack_publicize_connections":[],"aioseo_notices":[],"jetpack_featured_media_url":"https:\/\/samanoticiasdurango.com\/wp-content\/uploads\/PHOTO-.00_00_06_06.Imagen-fija004.jpg","featured_image_urls":{"full":["https:\/\/samanoticiasdurango.com\/wp-content\/uploads\/PHOTO-.00_00_06_06.Imagen-fija004.jpg",1600,900,false],"thumbnail":["https:\/\/samanoticiasdurango.com\/wp-content\/uploads\/PHOTO-.00_00_06_06.Imagen-fija004-150x150.jpg",150,150,true],"medium":["https:\/\/samanoticiasdurango.com\/wp-content\/uploads\/PHOTO-.00_00_06_06.Imagen-fija004-300x169.jpg",300,169,true],"medium_large":["https:\/\/samanoticiasdurango.com\/wp-content\/uploads\/PHOTO-.00_00_06_06.Imagen-fija004-768x432.jpg",640,360,true],"large":["https:\/\/samanoticiasdurango.com\/wp-content\/uploads\/PHOTO-.00_00_06_06.Imagen-fija004-1024x576.jpg",640,360,true],"1536x1536":["https:\/\/samanoticiasdurango.com\/wp-content\/uploads\/PHOTO-.00_00_06_06.Imagen-fija004-1536x864.jpg",1536,864,true],"2048x2048":["https:\/\/samanoticiasdurango.com\/wp-content\/uploads\/PHOTO-.00_00_06_06.Imagen-fija004.jpg",1600,900,false],"chromenews-featured":["https:\/\/samanoticiasdurango.com\/wp-content\/uploads\/PHOTO-.00_00_06_06.Imagen-fija004-1024x576.jpg",1024,576,true],"chromenews-large":["https:\/\/samanoticiasdurango.com\/wp-content\/uploads\/PHOTO-.00_00_06_06.Imagen-fija004-825x575.jpg",825,575,true],"chromenews-medium":["https:\/\/samanoticiasdurango.com\/wp-content\/uploads\/PHOTO-.00_00_06_06.Imagen-fija004-590x410.jpg",590,410,true]},"author_info":{"display_name":"Redacci\u00f3n","author_link":"https:\/\/samanoticiasdurango.com\/index.php\/author\/jjsama13gmail-com\/"},"category_info":"<a href=\"https:\/\/samanoticiasdurango.com\/index.php\/category\/nacional\/\" rel=\"category tag\">NACIONAL<\/a>","tag_info":"NACIONAL","comment_count":"0","jetpack_sharing_enabled":true,"_links":{"self":[{"href":"https:\/\/samanoticiasdurango.com\/index.php\/wp-json\/wp\/v2\/posts\/8662","targetHints":{"allow":["GET"]}}],"collection":[{"href":"https:\/\/samanoticiasdurango.com\/index.php\/wp-json\/wp\/v2\/posts"}],"about":[{"href":"https:\/\/samanoticiasdurango.com\/index.php\/wp-json\/wp\/v2\/types\/post"}],"author":[{"embeddable":true,"href":"https:\/\/samanoticiasdurango.com\/index.php\/wp-json\/wp\/v2\/users\/1"}],"replies":[{"embeddable":true,"href":"https:\/\/samanoticiasdurango.com\/index.php\/wp-json\/wp\/v2\/comments?post=8662"}],"version-history":[{"count":1,"href":"https:\/\/samanoticiasdurango.com\/index.php\/wp-json\/wp\/v2\/posts\/8662\/revisions"}],"predecessor-version":[{"id":8664,"href":"https:\/\/samanoticiasdurango.com\/index.php\/wp-json\/wp\/v2\/posts\/8662\/revisions\/8664"}],"wp:featuredmedia":[{"embeddable":true,"href":"https:\/\/samanoticiasdurango.com\/index.php\/wp-json\/wp\/v2\/media\/8663"}],"wp:attachment":[{"href":"https:\/\/samanoticiasdurango.com\/index.php\/wp-json\/wp\/v2\/media?parent=8662"}],"wp:term":[{"taxonomy":"category","embeddable":true,"href":"https:\/\/samanoticiasdurango.com\/index.php\/wp-json\/wp\/v2\/categories?post=8662"},{"taxonomy":"post_tag","embeddable":true,"href":"https:\/\/samanoticiasdurango.com\/index.php\/wp-json\/wp\/v2\/tags?post=8662"}],"curies":[{"name":"wp","href":"https:\/\/api.w.org\/{rel}","templated":true}]}}