{"id":8732,"date":"2024-02-09T15:12:23","date_gmt":"2024-02-09T15:12:23","guid":{"rendered":"http:\/\/samanoticiasdurango.com\/?p=8732"},"modified":"2024-02-09T15:12:24","modified_gmt":"2024-02-09T15:12:24","slug":"asesinan-en-mexico-a-una-mujer-lider-de-los-buscadores-de-personas-desaparecidas","status":"publish","type":"post","link":"https:\/\/samanoticiasdurango.com\/index.php\/2024\/02\/09\/asesinan-en-mexico-a-una-mujer-lider-de-los-buscadores-de-personas-desaparecidas\/","title":{"rendered":"Asesinan en M\u00e9xico a una mujer l\u00edder de los buscadores de personas desaparecidas"},"content":{"rendered":"\n<p>Una mujer l\u00edder de un colectivo de buscadores de personas desaparecidas en el estado de Baja California, en el norte de M\u00e9xico, fue asesinada a balazos este jueves, inform\u00f3 una comisi\u00f3n local de defensor\u00eda de Derechos Humanos.<\/p>\n\n\n\n<p>La Comisi\u00f3n Estatal de los Derechos Humanos de Baja California se\u00f1al\u00f3 en un comunicado que Ang\u00e9lica Le\u00f3n, l\u00edder del grupo &#8220;Uni\u00f3n y Fuerza Por Nuestros Desaparecidos&#8221;, fue asesinada en la ciudad de Tecate, y pidi\u00f3 a las autoridades a esclarecer el crimen.<\/p>\n\n\n\n<p>El organismo llam\u00f3 a la fiscal\u00eda local a &#8220;realizar las diligencias necesarias que permitan determinar el origen de esta agresi\u00f3n y evitar la impunidad&#8221;.<\/p>\n\n\n\n<p>A\u00f1adi\u00f3 que inici\u00f3 una investigaci\u00f3n de oficio para revisar la actuaci\u00f3n de las autoridades en la atenci\u00f3n a este caso y &#8220;por tratarse de un ataque a una persona defensora de los derechos humanos&#8221;.<\/p>\n\n\n\n<p>Le\u00f3n era l\u00edder del colectivo y estaba dedicada a la b\u00fasqueda de su hermano Jos\u00e9 Juan V\u00e1zquez Le\u00f3n, desaparecido el 27 de junio de 2018. Seg\u00fan versiones de la prensa mexicana, la activista fue asesinada a balazos en su negocio en la ciudad de Tecate.<\/p>\n\n\n\n<p>Hasta el momento, las autoridades locales no se han pronunciado sobre el crimen.<\/p>\n\n\n\n<p>&#8211; Colectivos exigen justicia &#8211;<\/p>\n\n\n\n<p>Otros colectivos de b\u00fasqueda exigieron en redes sociales justicia por el asesinato de la activista.<\/p>\n\n\n\n<p>&#8220;Se pide a las autoridades la b\u00fasqueda inmediata de las personas que le arrebataron la vida para que no haya m\u00e1s impunidad&#8221;, dijo en Facebook el grupo Madres Buscadoras de Sonora, ubicado en el norte de M\u00e9xico.<\/p>\n\n\n\n<p>Por su parte, el Colectivo 10 de Marzo, que labora en el fronterizo estado de Tamaulipas acus\u00f3 &#8220;indolencia&#8221; del gobierno del presidente Andr\u00e9s Manuel L\u00f3pez Obrador.<\/p>\n\n\n\n<p>&#8220;El crimen m\u00e1s grande es aniquilar la esperanza y acabar con la vida de una madre quien solo anhelaba reunirse con su hermano desaparecido antes de morir&#8221;, dijo el grupo en la red social X, antes Twitter.<\/p>\n\n\n\n<p><strong>Con informaci\u00f3n de AFP<\/strong><\/p>\n","protected":false},"excerpt":{"rendered":"<p>Una mujer l\u00edder de un colectivo de buscadores de personas desaparecidas en el estado de<\/p>\n","protected":false},"author":1,"featured_media":8733,"comment_status":"open","ping_status":"open","sticky":false,"template":"","format":"standard","meta":{"om_disable_all_campaigns":false,"_monsterinsights_skip_tracking":false,"_monsterinsights_sitenote_active":false,"_monsterinsights_sitenote_note":"","_monsterinsights_sitenote_category":0,"_jetpack_memberships_contains_paid_content":false,"footnotes":"","jetpack_publicize_message":"","jetpack_publicize_feature_enabled":true,"jetpack_social_post_already_shared":false,"jetpack_social_options":{"image_generator_settings":{"template":"highway","enabled":false},"version":2}},"categories":[5],"tags":[],"class_list":["post-8732","post","type-post","status-publish","format-standard","has-post-thumbnail","hentry","category-nacional"],"jetpack_publicize_connections":[],"aioseo_notices":[],"jetpack_featured_media_url":"https:\/\/samanoticiasdurango.com\/wp-content\/uploads\/02cccb7b1216180e93b7321b43095e3e.webp","featured_image_urls":{"full":["https:\/\/samanoticiasdurango.com\/wp-content\/uploads\/02cccb7b1216180e93b7321b43095e3e.webp",705,470,false],"thumbnail":["https:\/\/samanoticiasdurango.com\/wp-content\/uploads\/02cccb7b1216180e93b7321b43095e3e-150x150.webp",150,150,true],"medium":["https:\/\/samanoticiasdurango.com\/wp-content\/uploads\/02cccb7b1216180e93b7321b43095e3e-300x200.webp",300,200,true],"medium_large":["https:\/\/samanoticiasdurango.com\/wp-content\/uploads\/02cccb7b1216180e93b7321b43095e3e.webp",640,427,false],"large":["https:\/\/samanoticiasdurango.com\/wp-content\/uploads\/02cccb7b1216180e93b7321b43095e3e.webp",640,427,false],"1536x1536":["https:\/\/samanoticiasdurango.com\/wp-content\/uploads\/02cccb7b1216180e93b7321b43095e3e.webp",705,470,false],"2048x2048":["https:\/\/samanoticiasdurango.com\/wp-content\/uploads\/02cccb7b1216180e93b7321b43095e3e.webp",705,470,false],"chromenews-featured":["https:\/\/samanoticiasdurango.com\/wp-content\/uploads\/02cccb7b1216180e93b7321b43095e3e.webp",705,470,false],"chromenews-large":["https:\/\/samanoticiasdurango.com\/wp-content\/uploads\/02cccb7b1216180e93b7321b43095e3e.webp",705,470,false],"chromenews-medium":["https:\/\/samanoticiasdurango.com\/wp-content\/uploads\/02cccb7b1216180e93b7321b43095e3e-590x410.webp",590,410,true]},"author_info":{"display_name":"Redacci\u00f3n","author_link":"https:\/\/samanoticiasdurango.com\/index.php\/author\/jjsama13gmail-com\/"},"category_info":"<a href=\"https:\/\/samanoticiasdurango.com\/index.php\/category\/nacional\/\" rel=\"category tag\">NACIONAL<\/a>","tag_info":"NACIONAL","comment_count":"0","jetpack_sharing_enabled":true,"_links":{"self":[{"href":"https:\/\/samanoticiasdurango.com\/index.php\/wp-json\/wp\/v2\/posts\/8732","targetHints":{"allow":["GET"]}}],"collection":[{"href":"https:\/\/samanoticiasdurango.com\/index.php\/wp-json\/wp\/v2\/posts"}],"about":[{"href":"https:\/\/samanoticiasdurango.com\/index.php\/wp-json\/wp\/v2\/types\/post"}],"author":[{"embeddable":true,"href":"https:\/\/samanoticiasdurango.com\/index.php\/wp-json\/wp\/v2\/users\/1"}],"replies":[{"embeddable":true,"href":"https:\/\/samanoticiasdurango.com\/index.php\/wp-json\/wp\/v2\/comments?post=8732"}],"version-history":[{"count":1,"href":"https:\/\/samanoticiasdurango.com\/index.php\/wp-json\/wp\/v2\/posts\/8732\/revisions"}],"predecessor-version":[{"id":8734,"href":"https:\/\/samanoticiasdurango.com\/index.php\/wp-json\/wp\/v2\/posts\/8732\/revisions\/8734"}],"wp:featuredmedia":[{"embeddable":true,"href":"https:\/\/samanoticiasdurango.com\/index.php\/wp-json\/wp\/v2\/media\/8733"}],"wp:attachment":[{"href":"https:\/\/samanoticiasdurango.com\/index.php\/wp-json\/wp\/v2\/media?parent=8732"}],"wp:term":[{"taxonomy":"category","embeddable":true,"href":"https:\/\/samanoticiasdurango.com\/index.php\/wp-json\/wp\/v2\/categories?post=8732"},{"taxonomy":"post_tag","embeddable":true,"href":"https:\/\/samanoticiasdurango.com\/index.php\/wp-json\/wp\/v2\/tags?post=8732"}],"curies":[{"name":"wp","href":"https:\/\/api.w.org\/{rel}","templated":true}]}}