{"id":8757,"date":"2024-02-11T15:32:09","date_gmt":"2024-02-11T15:32:09","guid":{"rendered":"http:\/\/samanoticiasdurango.com\/?p=8757"},"modified":"2024-02-11T15:32:10","modified_gmt":"2024-02-11T15:32:10","slug":"papa-francisco-ve-intolerable-la-violacion-de-derechos-humanos-en-lugares-en-guerra","status":"publish","type":"post","link":"https:\/\/samanoticiasdurango.com\/index.php\/2024\/02\/11\/papa-francisco-ve-intolerable-la-violacion-de-derechos-humanos-en-lugares-en-guerra\/","title":{"rendered":"<a href=\"https:\/\/lopezdoriga.com\/internacional\/papa-francisco-ve-intolerable-la-violacion-de-derechos-humanos-en-lugares-en-guerra\/\">Papa Francisco ve \u201cintolerable\u201d la violaci\u00f3n de derechos humanos en lugares en guerra<\/a>"},"content":{"rendered":"\n<p>El&nbsp;<strong>papa Francisco<\/strong>&nbsp;consider\u00f3 \u201c<strong>intolerable<\/strong>\u201d la&nbsp;<strong>violaci\u00f3n<\/strong>&nbsp;de los&nbsp;<strong>Derechos Humanos<\/strong>&nbsp;en lugares en&nbsp;<strong>guerra<\/strong>&nbsp;y pidi\u00f3 rezar por todos los pueblos \u201cmartirizados\u201d por el conflicto, especialmente por Ucrania, Palestina, Israel y Myanmar.<\/p>\n\n\n\n<p>Francisco record\u00f3, tras el rezo del \u00c1ngelus dominical que se celebra en la 32\u00aa Jornada Mundial del Enfermo, que \u201clo primero que se necesita en la enfermedad es la cercan\u00eda de las personas queridas y el personal sanitario\u201d.<\/p>\n\n\n\n<p>\u201cEstamos todos llamados a estar cerca de quienes sufren y a visitar a los enfermos. Por eso hoy quiero expresar mi cercan\u00eda a todas las personas enfermas o m\u00e1s fr\u00e1giles. No olvidemos el estilo de Dios, la cercan\u00eda, compasi\u00f3n y ternura\u201d, dijo ante cientos de fieles que le escuchaban en la Plaza de San Pedro del Vaticano.<\/p>\n\n\n\n<p>Francisco tambi\u00e9n record\u00f3 la situaci\u00f3n sanitaria que se vive en las guerras.<\/p>\n\n\n\n<p>\u201cEn esta jornada no podemos silenciar el hecho de que hay muchas personas hoy a las que se les niega el&nbsp;<strong>derecho a la<\/strong>&nbsp;<strong>atenci\u00f3n m\u00e9dica<\/strong>&nbsp;y el&nbsp;<strong>derecho a la vida<\/strong>. Pienso a quienes viven en pobreza extrema y tambi\u00e9n a los territorios de guerra\u201d, apunt\u00f3.<\/p>\n\n\n\n<p>Y agreg\u00f3: \u201cAh\u00ed cada d\u00eda son violados los Derechos Humanos fundamentales Es intolerable. Recemos por la martirizada Ucrania, por Palestina e Israel, Myanmar y todos los pueblos martirizados por la guerra\u201d.<\/p>\n\n\n\n<p>Francisco presidi\u00f3 el \u00c1ngelus despu\u00e9s canonizar en la bas\u00edlica de San Pedro a la primera santa de Argentina, Mar\u00eda Antonia de Paz y Figueroa, conocida como \u201cMama Antula\u201d, por la que pidi\u00f3 a los fieles de la plaza un aplauso.<\/p>\n\n\n\n<p><strong>Con informaci\u00f3n de EFE<\/strong><\/p>\n","protected":false},"excerpt":{"rendered":"<p>El&nbsp;papa Francisco&nbsp;consider\u00f3 \u201cintolerable\u201d la&nbsp;violaci\u00f3n&nbsp;de los&nbsp;Derechos Humanos&nbsp;en lugares en&nbsp;guerra&nbsp;y pidi\u00f3 rezar por todos los pueblos \u201cmartirizados\u201d<\/p>\n","protected":false},"author":1,"featured_media":8758,"comment_status":"open","ping_status":"open","sticky":false,"template":"","format":"standard","meta":{"om_disable_all_campaigns":false,"_monsterinsights_skip_tracking":false,"_monsterinsights_sitenote_active":false,"_monsterinsights_sitenote_note":"","_monsterinsights_sitenote_category":0,"_jetpack_memberships_contains_paid_content":false,"footnotes":"","jetpack_publicize_message":"","jetpack_publicize_feature_enabled":true,"jetpack_social_post_already_shared":false,"jetpack_social_options":{"image_generator_settings":{"template":"highway","enabled":false},"version":2}},"categories":[6],"tags":[],"class_list":["post-8757","post","type-post","status-publish","format-standard","has-post-thumbnail","hentry","category-internacional"],"jetpack_publicize_connections":[],"aioseo_notices":[],"jetpack_featured_media_url":"https:\/\/samanoticiasdurango.com\/wp-content\/uploads\/papa-francisco-1.webp","featured_image_urls":{"full":["https:\/\/samanoticiasdurango.com\/wp-content\/uploads\/papa-francisco-1.webp",1536,1023,false],"thumbnail":["https:\/\/samanoticiasdurango.com\/wp-content\/uploads\/papa-francisco-1-150x150.webp",150,150,true],"medium":["https:\/\/samanoticiasdurango.com\/wp-content\/uploads\/papa-francisco-1-300x200.webp",300,200,true],"medium_large":["https:\/\/samanoticiasdurango.com\/wp-content\/uploads\/papa-francisco-1-768x512.webp",640,427,true],"large":["https:\/\/samanoticiasdurango.com\/wp-content\/uploads\/papa-francisco-1-1024x682.webp",640,426,true],"1536x1536":["https:\/\/samanoticiasdurango.com\/wp-content\/uploads\/papa-francisco-1.webp",1536,1023,false],"2048x2048":["https:\/\/samanoticiasdurango.com\/wp-content\/uploads\/papa-francisco-1.webp",1536,1023,false],"chromenews-featured":["https:\/\/samanoticiasdurango.com\/wp-content\/uploads\/papa-francisco-1-1024x682.webp",1024,682,true],"chromenews-large":["https:\/\/samanoticiasdurango.com\/wp-content\/uploads\/papa-francisco-1-825x575.webp",825,575,true],"chromenews-medium":["https:\/\/samanoticiasdurango.com\/wp-content\/uploads\/papa-francisco-1-590x410.webp",590,410,true]},"author_info":{"display_name":"Redacci\u00f3n","author_link":"https:\/\/samanoticiasdurango.com\/index.php\/author\/jjsama13gmail-com\/"},"category_info":"<a href=\"https:\/\/samanoticiasdurango.com\/index.php\/category\/internacional\/\" rel=\"category tag\">INTERNACIONAL<\/a>","tag_info":"INTERNACIONAL","comment_count":"0","jetpack_sharing_enabled":true,"_links":{"self":[{"href":"https:\/\/samanoticiasdurango.com\/index.php\/wp-json\/wp\/v2\/posts\/8757","targetHints":{"allow":["GET"]}}],"collection":[{"href":"https:\/\/samanoticiasdurango.com\/index.php\/wp-json\/wp\/v2\/posts"}],"about":[{"href":"https:\/\/samanoticiasdurango.com\/index.php\/wp-json\/wp\/v2\/types\/post"}],"author":[{"embeddable":true,"href":"https:\/\/samanoticiasdurango.com\/index.php\/wp-json\/wp\/v2\/users\/1"}],"replies":[{"embeddable":true,"href":"https:\/\/samanoticiasdurango.com\/index.php\/wp-json\/wp\/v2\/comments?post=8757"}],"version-history":[{"count":1,"href":"https:\/\/samanoticiasdurango.com\/index.php\/wp-json\/wp\/v2\/posts\/8757\/revisions"}],"predecessor-version":[{"id":8759,"href":"https:\/\/samanoticiasdurango.com\/index.php\/wp-json\/wp\/v2\/posts\/8757\/revisions\/8759"}],"wp:featuredmedia":[{"embeddable":true,"href":"https:\/\/samanoticiasdurango.com\/index.php\/wp-json\/wp\/v2\/media\/8758"}],"wp:attachment":[{"href":"https:\/\/samanoticiasdurango.com\/index.php\/wp-json\/wp\/v2\/media?parent=8757"}],"wp:term":[{"taxonomy":"category","embeddable":true,"href":"https:\/\/samanoticiasdurango.com\/index.php\/wp-json\/wp\/v2\/categories?post=8757"},{"taxonomy":"post_tag","embeddable":true,"href":"https:\/\/samanoticiasdurango.com\/index.php\/wp-json\/wp\/v2\/tags?post=8757"}],"curies":[{"name":"wp","href":"https:\/\/api.w.org\/{rel}","templated":true}]}}