{"id":8830,"date":"2024-02-16T15:19:46","date_gmt":"2024-02-16T15:19:46","guid":{"rendered":"http:\/\/samanoticiasdurango.com\/?p=8830"},"modified":"2024-02-16T15:19:47","modified_gmt":"2024-02-16T15:19:47","slug":"choque-de-camion-contra-trailer-en-apodaca-deja-14-heridos","status":"publish","type":"post","link":"https:\/\/samanoticiasdurango.com\/index.php\/2024\/02\/16\/choque-de-camion-contra-trailer-en-apodaca-deja-14-heridos\/","title":{"rendered":"<a href=\"https:\/\/lopezdoriga.com\/nacional\/apodaca-choque-camion-trailer-14-heridos\/\">Choque de cami\u00f3n contra tr\u00e1iler en Apodaca deja 14 heridos<\/a>"},"content":{"rendered":"\n<p>Al menos\u00a0<strong>14 personas lesionadas<\/strong>\u00a0fue el saldo que dej\u00f3 el\u00a0<strong>choque<\/strong>\u00a0de un\u00a0<strong>cami\u00f3n<\/strong>\u00a0contra un\u00a0<strong>tr\u00e1iler<\/strong>\u00a0en\u00a0<strong>Apodaca<\/strong>, Nuevo Le\u00f3n.<\/p>\n\n\n\n<p>Protecci\u00f3n Civil se moviliz\u00f3 la ma\u00f1ana de este viernes a la&nbsp;<strong>carretera<\/strong>&nbsp;<strong>a Laredo<\/strong>&nbsp;para atender la emergencia.<\/p>\n\n\n\n<p>En el lugar se hall\u00f3 que un&nbsp;<strong>cami\u00f3n<\/strong>&nbsp;de<strong>&nbsp;transporte de personal<\/strong>&nbsp;hab\u00eda impactado por detr\u00e1s a un&nbsp;<strong>tr\u00e1iler estacionado<\/strong>&nbsp;sobre el acotamiento.<\/p>\n\n\n\n<p>Del total de heridos seis resultaron con<strong>&nbsp;lesiones de consideraci\u00f3n<\/strong>&nbsp;que los llevaron a ser trasladados a un&nbsp;<strong>hospital<\/strong>.<\/p>\n\n\n\n<p>El resto present\u00f3 golpes y heridas leves.<\/p>\n\n\n\n<p>La atenci\u00f3n del incidente provoc\u00f3 caos vial sobre la carretera a Laredo, con direcci\u00f3n a Monterrey.<\/p>\n\n\n\n<p><strong>Con informaci\u00f3n de Milenio<\/strong><\/p>\n","protected":false},"excerpt":{"rendered":"<p>Al menos\u00a014 personas lesionadas\u00a0fue el saldo que dej\u00f3 el\u00a0choque\u00a0de un\u00a0cami\u00f3n\u00a0contra un\u00a0tr\u00e1iler\u00a0en\u00a0Apodaca, Nuevo Le\u00f3n. Protecci\u00f3n Civil<\/p>\n","protected":false},"author":1,"featured_media":8831,"comment_status":"open","ping_status":"open","sticky":false,"template":"","format":"standard","meta":{"om_disable_all_campaigns":false,"_monsterinsights_skip_tracking":false,"_monsterinsights_sitenote_active":false,"_monsterinsights_sitenote_note":"","_monsterinsights_sitenote_category":0,"_jetpack_memberships_contains_paid_content":false,"footnotes":"","jetpack_publicize_message":"","jetpack_publicize_feature_enabled":true,"jetpack_social_post_already_shared":false,"jetpack_social_options":{"image_generator_settings":{"template":"highway","enabled":false},"version":2}},"categories":[5],"tags":[],"class_list":["post-8830","post","type-post","status-publish","format-standard","has-post-thumbnail","hentry","category-nacional"],"jetpack_publicize_connections":[],"aioseo_notices":[],"jetpack_featured_media_url":"https:\/\/samanoticiasdurango.com\/wp-content\/uploads\/choque-de-camion-contra-trailer-en-apodaca.webp","featured_image_urls":{"full":["https:\/\/samanoticiasdurango.com\/wp-content\/uploads\/choque-de-camion-contra-trailer-en-apodaca.webp",1358,764,false],"thumbnail":["https:\/\/samanoticiasdurango.com\/wp-content\/uploads\/choque-de-camion-contra-trailer-en-apodaca-150x150.webp",150,150,true],"medium":["https:\/\/samanoticiasdurango.com\/wp-content\/uploads\/choque-de-camion-contra-trailer-en-apodaca-300x169.webp",300,169,true],"medium_large":["https:\/\/samanoticiasdurango.com\/wp-content\/uploads\/choque-de-camion-contra-trailer-en-apodaca-768x432.webp",640,360,true],"large":["https:\/\/samanoticiasdurango.com\/wp-content\/uploads\/choque-de-camion-contra-trailer-en-apodaca-1024x576.webp",640,360,true],"1536x1536":["https:\/\/samanoticiasdurango.com\/wp-content\/uploads\/choque-de-camion-contra-trailer-en-apodaca.webp",1358,764,false],"2048x2048":["https:\/\/samanoticiasdurango.com\/wp-content\/uploads\/choque-de-camion-contra-trailer-en-apodaca.webp",1358,764,false],"chromenews-featured":["https:\/\/samanoticiasdurango.com\/wp-content\/uploads\/choque-de-camion-contra-trailer-en-apodaca-1024x576.webp",1024,576,true],"chromenews-large":["https:\/\/samanoticiasdurango.com\/wp-content\/uploads\/choque-de-camion-contra-trailer-en-apodaca-825x575.webp",825,575,true],"chromenews-medium":["https:\/\/samanoticiasdurango.com\/wp-content\/uploads\/choque-de-camion-contra-trailer-en-apodaca-590x410.webp",590,410,true]},"author_info":{"display_name":"Redacci\u00f3n","author_link":"https:\/\/samanoticiasdurango.com\/index.php\/author\/jjsama13gmail-com\/"},"category_info":"<a href=\"https:\/\/samanoticiasdurango.com\/index.php\/category\/nacional\/\" rel=\"category tag\">NACIONAL<\/a>","tag_info":"NACIONAL","comment_count":"0","jetpack_sharing_enabled":true,"_links":{"self":[{"href":"https:\/\/samanoticiasdurango.com\/index.php\/wp-json\/wp\/v2\/posts\/8830","targetHints":{"allow":["GET"]}}],"collection":[{"href":"https:\/\/samanoticiasdurango.com\/index.php\/wp-json\/wp\/v2\/posts"}],"about":[{"href":"https:\/\/samanoticiasdurango.com\/index.php\/wp-json\/wp\/v2\/types\/post"}],"author":[{"embeddable":true,"href":"https:\/\/samanoticiasdurango.com\/index.php\/wp-json\/wp\/v2\/users\/1"}],"replies":[{"embeddable":true,"href":"https:\/\/samanoticiasdurango.com\/index.php\/wp-json\/wp\/v2\/comments?post=8830"}],"version-history":[{"count":1,"href":"https:\/\/samanoticiasdurango.com\/index.php\/wp-json\/wp\/v2\/posts\/8830\/revisions"}],"predecessor-version":[{"id":8832,"href":"https:\/\/samanoticiasdurango.com\/index.php\/wp-json\/wp\/v2\/posts\/8830\/revisions\/8832"}],"wp:featuredmedia":[{"embeddable":true,"href":"https:\/\/samanoticiasdurango.com\/index.php\/wp-json\/wp\/v2\/media\/8831"}],"wp:attachment":[{"href":"https:\/\/samanoticiasdurango.com\/index.php\/wp-json\/wp\/v2\/media?parent=8830"}],"wp:term":[{"taxonomy":"category","embeddable":true,"href":"https:\/\/samanoticiasdurango.com\/index.php\/wp-json\/wp\/v2\/categories?post=8830"},{"taxonomy":"post_tag","embeddable":true,"href":"https:\/\/samanoticiasdurango.com\/index.php\/wp-json\/wp\/v2\/tags?post=8830"}],"curies":[{"name":"wp","href":"https:\/\/api.w.org\/{rel}","templated":true}]}}