{"id":8956,"date":"2024-03-05T13:43:32","date_gmt":"2024-03-05T13:43:32","guid":{"rendered":"http:\/\/samanoticiasdurango.com\/?p=8956"},"modified":"2024-03-05T13:43:34","modified_gmt":"2024-03-05T13:43:34","slug":"embajada-de-mexico-en-haiti-cerrara-por-un-lapso-de-dos-dias-tras-ola-de-violencia","status":"publish","type":"post","link":"https:\/\/samanoticiasdurango.com\/index.php\/2024\/03\/05\/embajada-de-mexico-en-haiti-cerrara-por-un-lapso-de-dos-dias-tras-ola-de-violencia\/","title":{"rendered":"<a href=\"https:\/\/lopezdoriga.com\/internacional\/embajada-mexico-haiti-cerrara-dos-dias-ola-violencia-pais\/\">Embajada de M\u00e9xico en Hait\u00ed cerrar\u00e1 por un lapso de dos d\u00edas tras ola de violencia<\/a>"},"content":{"rendered":"\n<p>La&nbsp;<strong>Embajada de M\u00e9xico en Hait\u00ed<\/strong>&nbsp;permanecer\u00e1&nbsp;<strong>cerrada<\/strong>&nbsp;este&nbsp;<strong>martes 5 y mi\u00e9rcoles 6 de marzo<\/strong>, luego de que el domingo pasado fuera declarado el&nbsp;<strong>estado de emergencia<\/strong>&nbsp;y el toque de queda por un per\u00edodo de 72 horas renovable en el departamento del Oeste, donde est\u00e1&nbsp;<strong>Puerto Pr\u00edncipe<\/strong>, debido a la&nbsp;<a href=\"https:\/\/lopezdoriga.com\/internacional\/se-intensifican-los-tiroteos-en-la-capital-de-haiti-principalmente-cerca-al-aeropuerto\/\" target=\"_blank\" rel=\"noreferrer noopener\"><strong>ola de violencia<\/strong><\/a>.<\/p>\n\n\n\n<p>Lo anterior fue informado por la propia embajada mexicana en redes sociales, quien detall\u00f3 que las citas para esos d\u00edas ser\u00e1n reprogramadas para los primeros d\u00edas del mes de abril.<\/p>\n\n\n\n<p>El Gobierno de Hait\u00ed declar\u00f3 el pasado domingo el estado de emergencia y el toque de queda por un per\u00edodo de 72 horas renovable en el departamento del Oeste, donde est\u00e1 Puerto Pr\u00edncipe, debido a la \u201cdegradaci\u00f3n de la seguridad\u201d y los ataques de la v\u00edspera de dos c\u00e1rceles a manos de las bandas armadas.<\/p>\n\n\n\n<blockquote class=\"wp-block-quote is-layout-flow wp-block-quote-is-layout-flow\">\n<p>En un comunicado, el Ejecutivo indica que a fin de \u201crestablecer el orden y tomar las medidas apropiadas para recuperar el control de la situaci\u00f3n\u201d, el toque de queda rige esta noche hasta las 05:00 h, y el lunes, el martes y el mi\u00e9rcoles pr\u00f3ximos desde las 18:00 a las 05:00 h.<\/p>\n<\/blockquote>\n\n\n\n<p>Esta medida no afecta a los miembros de la fuerza p\u00fablica que est\u00e9n de servicio, los bomberos, los conductores de ambulancias, personal sanitario y periodistas debidamente identificados.<\/p>\n\n\n\n<p>\u201cLas fuerza del orden han recibido el mandato de usar todos los medios legales a su disposici\u00f3n para que se respete el alto el fuego y detener a los infractores\u201d, agrega la nota firmada por Patrick Michel Boivert, que act\u00faa como primer ministro en ausencia de&nbsp;<strong>Ariel Henry<\/strong>.<\/p>\n\n\n\n<p>Se toma esta medida en el departamento del Oeste por la degradaci\u00f3n de la seguridad, en especial en la zona metropolitana de Puerto Pr\u00edncipe, \u201ccaracterizada por actos criminales cada vez m\u00e1s violentos perpetrados por las bandas armadas que provocan desplazamientos masivos de poblaci\u00f3n, y consistentes sobre todo en secuestros y asesinatos de pac\u00edficos ciudadanos, violencia ejercida contra mujeres y ni\u00f1os, saqueos y robos de bienes p\u00fablicos y privados\u201d.<\/p>\n\n\n\n<p>En su texto, el Gobierno se refiere a los ataques contra las dos mayores c\u00e1rceles del pa\u00eds, La Capitale y Croix des Bouquets, \u201ccausantes de muertos y heridos en las filas de la Polic\u00eda y del personal penitenciario, la fuga de peligrosos prisioneros y actos de vandalismo de esos lugares\u201d, unas acciones que \u201cponen en peligro la seguridad nacional\u201d, a\u00f1ade el texto.<\/p>\n\n\n\n<p><strong>Con informaci\u00f3n de L\u00f3pez-D\u00f3riga Digital y EFE<\/strong><\/p>\n","protected":false},"excerpt":{"rendered":"<p>La&nbsp;Embajada de M\u00e9xico en Hait\u00ed&nbsp;permanecer\u00e1&nbsp;cerrada&nbsp;este&nbsp;martes 5 y mi\u00e9rcoles 6 de marzo, luego de que el<\/p>\n","protected":false},"author":1,"featured_media":8957,"comment_status":"open","ping_status":"open","sticky":false,"template":"","format":"standard","meta":{"om_disable_all_campaigns":false,"_monsterinsights_skip_tracking":false,"_monsterinsights_sitenote_active":false,"_monsterinsights_sitenote_note":"","_monsterinsights_sitenote_category":0,"_jetpack_memberships_contains_paid_content":false,"footnotes":"","jetpack_publicize_message":"","jetpack_publicize_feature_enabled":true,"jetpack_social_post_already_shared":false,"jetpack_social_options":{"image_generator_settings":{"template":"highway","enabled":false},"version":2}},"categories":[6],"tags":[],"class_list":["post-8956","post","type-post","status-publish","format-standard","has-post-thumbnail","hentry","category-internacional"],"jetpack_publicize_connections":[],"aioseo_notices":[],"jetpack_featured_media_url":"https:\/\/samanoticiasdurango.com\/wp-content\/uploads\/2-5.jpg","featured_image_urls":{"full":["https:\/\/samanoticiasdurango.com\/wp-content\/uploads\/2-5.jpg",1600,900,false],"thumbnail":["https:\/\/samanoticiasdurango.com\/wp-content\/uploads\/2-5-150x150.jpg",150,150,true],"medium":["https:\/\/samanoticiasdurango.com\/wp-content\/uploads\/2-5-300x169.jpg",300,169,true],"medium_large":["https:\/\/samanoticiasdurango.com\/wp-content\/uploads\/2-5-768x432.jpg",640,360,true],"large":["https:\/\/samanoticiasdurango.com\/wp-content\/uploads\/2-5-1024x576.jpg",640,360,true],"1536x1536":["https:\/\/samanoticiasdurango.com\/wp-content\/uploads\/2-5-1536x864.jpg",1536,864,true],"2048x2048":["https:\/\/samanoticiasdurango.com\/wp-content\/uploads\/2-5.jpg",1600,900,false],"chromenews-featured":["https:\/\/samanoticiasdurango.com\/wp-content\/uploads\/2-5-1024x576.jpg",1024,576,true],"chromenews-large":["https:\/\/samanoticiasdurango.com\/wp-content\/uploads\/2-5-825x575.jpg",825,575,true],"chromenews-medium":["https:\/\/samanoticiasdurango.com\/wp-content\/uploads\/2-5-590x410.jpg",590,410,true]},"author_info":{"display_name":"Redacci\u00f3n","author_link":"https:\/\/samanoticiasdurango.com\/index.php\/author\/jjsama13gmail-com\/"},"category_info":"<a href=\"https:\/\/samanoticiasdurango.com\/index.php\/category\/internacional\/\" rel=\"category tag\">INTERNACIONAL<\/a>","tag_info":"INTERNACIONAL","comment_count":"0","jetpack_sharing_enabled":true,"_links":{"self":[{"href":"https:\/\/samanoticiasdurango.com\/index.php\/wp-json\/wp\/v2\/posts\/8956","targetHints":{"allow":["GET"]}}],"collection":[{"href":"https:\/\/samanoticiasdurango.com\/index.php\/wp-json\/wp\/v2\/posts"}],"about":[{"href":"https:\/\/samanoticiasdurango.com\/index.php\/wp-json\/wp\/v2\/types\/post"}],"author":[{"embeddable":true,"href":"https:\/\/samanoticiasdurango.com\/index.php\/wp-json\/wp\/v2\/users\/1"}],"replies":[{"embeddable":true,"href":"https:\/\/samanoticiasdurango.com\/index.php\/wp-json\/wp\/v2\/comments?post=8956"}],"version-history":[{"count":1,"href":"https:\/\/samanoticiasdurango.com\/index.php\/wp-json\/wp\/v2\/posts\/8956\/revisions"}],"predecessor-version":[{"id":8958,"href":"https:\/\/samanoticiasdurango.com\/index.php\/wp-json\/wp\/v2\/posts\/8956\/revisions\/8958"}],"wp:featuredmedia":[{"embeddable":true,"href":"https:\/\/samanoticiasdurango.com\/index.php\/wp-json\/wp\/v2\/media\/8957"}],"wp:attachment":[{"href":"https:\/\/samanoticiasdurango.com\/index.php\/wp-json\/wp\/v2\/media?parent=8956"}],"wp:term":[{"taxonomy":"category","embeddable":true,"href":"https:\/\/samanoticiasdurango.com\/index.php\/wp-json\/wp\/v2\/categories?post=8956"},{"taxonomy":"post_tag","embeddable":true,"href":"https:\/\/samanoticiasdurango.com\/index.php\/wp-json\/wp\/v2\/tags?post=8956"}],"curies":[{"name":"wp","href":"https:\/\/api.w.org\/{rel}","templated":true}]}}