{"id":9062,"date":"2024-03-15T15:26:54","date_gmt":"2024-03-15T15:26:54","guid":{"rendered":"http:\/\/samanoticiasdurango.com\/?p=9062"},"modified":"2024-03-15T15:26:55","modified_gmt":"2024-03-15T15:26:55","slug":"morena-rompe-alianza-con-el-pvem-y-pt-en-ciudad-victoria","status":"publish","type":"post","link":"https:\/\/samanoticiasdurango.com\/index.php\/2024\/03\/15\/morena-rompe-alianza-con-el-pvem-y-pt-en-ciudad-victoria\/","title":{"rendered":"<a href=\"https:\/\/lopezdoriga.com\/nacional\/morena-rompe-alianza-pvem-pt-ciudad-victoria\/\">Morena rompe alianza con el PVEM y PT en Ciudad Victoria<\/a>"},"content":{"rendered":"\n<p><strong>Morena rompi\u00f3<\/strong>&nbsp;la&nbsp;<strong>alianza<\/strong>&nbsp;con los partidos&nbsp;<strong>Verde Ecologista de M\u00e9xico<\/strong>&nbsp;y del&nbsp;<strong>Trabajo<\/strong>&nbsp;en&nbsp;<strong>Ciudad Victoria<\/strong>, Tamaulipas.<\/p>\n\n\n\n<p>Este jueves anunci\u00f3 que el partido&nbsp;<strong>ir\u00e1 solo<\/strong>&nbsp;con&nbsp;<strong>Eduardo Gatt\u00e1s<\/strong>&nbsp;como candidato, a pesar de que la encuesta interna fue ganada por Jorge \u2018Tico\u2019 Garc\u00eda, quien ahora contender\u00e1 por el Verde Ecologista.<\/p>\n\n\n\n<p>Para oficializar la ruptura Morena present\u00f3 ante el Instituto Electoral de Tamaulipas la modificaci\u00f3n del convenio de coalici\u00f3n parcial \u2018Sigamos haciendo historia en Tamaulipas\u2019 para Ciudad Victoria.<\/p>\n\n\n\n<p>Y este viernes registrar\u00e1 a&nbsp;<strong>Eduardo Gatt\u00e1s<\/strong>&nbsp;como su&nbsp;<strong>candidato<\/strong>&nbsp;a la&nbsp;<strong>Presidencia Municipal<\/strong>.<\/p>\n\n\n\n<blockquote class=\"wp-block-quote is-layout-flow wp-block-quote-is-layout-flow\">\n<p>Le agradezco mucho a mi partido que me haya dado la oportunidad de seguir al frente y vienen cosas muy buenas para Victoria y vamos a hacer un excelente papel, estamos acostumbrados a este tipo de cosas, ustedes vivieron la campa\u00f1a pasada y vieron como pudimos lograr salir avantes, entonces le agradezco mucho a mi partido que no haya permitido imponer aqu\u00ed en Ciudad Victoria y bueno pues estoy contento\u201d, coment\u00f3 el actual alcalde.<\/p>\n<\/blockquote>\n\n\n\n<p><strong>Con informaci\u00f3n de Milenio<\/strong><\/p>\n","protected":false},"excerpt":{"rendered":"<p>Morena rompi\u00f3&nbsp;la&nbsp;alianza&nbsp;con los partidos&nbsp;Verde Ecologista de M\u00e9xico&nbsp;y del&nbsp;Trabajo&nbsp;en&nbsp;Ciudad Victoria, Tamaulipas. Este jueves anunci\u00f3 que el<\/p>\n","protected":false},"author":1,"featured_media":9063,"comment_status":"open","ping_status":"open","sticky":false,"template":"","format":"standard","meta":{"om_disable_all_campaigns":false,"_monsterinsights_skip_tracking":false,"_monsterinsights_sitenote_active":false,"_monsterinsights_sitenote_note":"","_monsterinsights_sitenote_category":0,"_jetpack_memberships_contains_paid_content":false,"footnotes":"","jetpack_publicize_message":"","jetpack_publicize_feature_enabled":true,"jetpack_social_post_already_shared":false,"jetpack_social_options":{"image_generator_settings":{"template":"highway","enabled":false},"version":2}},"categories":[1],"tags":[],"class_list":["post-9062","post","type-post","status-publish","format-standard","has-post-thumbnail","hentry","category-archivo"],"jetpack_publicize_connections":[],"aioseo_notices":[],"jetpack_featured_media_url":"https:\/\/samanoticiasdurango.com\/wp-content\/uploads\/eduardo-gattas-sera-candidato-por-morena-a-la-alcaldia-de-ciudad-victoria.webp","featured_image_urls":{"full":["https:\/\/samanoticiasdurango.com\/wp-content\/uploads\/eduardo-gattas-sera-candidato-por-morena-a-la-alcaldia-de-ciudad-victoria.webp",1280,718,false],"thumbnail":["https:\/\/samanoticiasdurango.com\/wp-content\/uploads\/eduardo-gattas-sera-candidato-por-morena-a-la-alcaldia-de-ciudad-victoria-150x150.webp",150,150,true],"medium":["https:\/\/samanoticiasdurango.com\/wp-content\/uploads\/eduardo-gattas-sera-candidato-por-morena-a-la-alcaldia-de-ciudad-victoria-300x168.webp",300,168,true],"medium_large":["https:\/\/samanoticiasdurango.com\/wp-content\/uploads\/eduardo-gattas-sera-candidato-por-morena-a-la-alcaldia-de-ciudad-victoria-768x431.webp",640,359,true],"large":["https:\/\/samanoticiasdurango.com\/wp-content\/uploads\/eduardo-gattas-sera-candidato-por-morena-a-la-alcaldia-de-ciudad-victoria-1024x574.webp",640,359,true],"1536x1536":["https:\/\/samanoticiasdurango.com\/wp-content\/uploads\/eduardo-gattas-sera-candidato-por-morena-a-la-alcaldia-de-ciudad-victoria.webp",1280,718,false],"2048x2048":["https:\/\/samanoticiasdurango.com\/wp-content\/uploads\/eduardo-gattas-sera-candidato-por-morena-a-la-alcaldia-de-ciudad-victoria.webp",1280,718,false],"chromenews-featured":["https:\/\/samanoticiasdurango.com\/wp-content\/uploads\/eduardo-gattas-sera-candidato-por-morena-a-la-alcaldia-de-ciudad-victoria-1024x574.webp",1024,574,true],"chromenews-large":["https:\/\/samanoticiasdurango.com\/wp-content\/uploads\/eduardo-gattas-sera-candidato-por-morena-a-la-alcaldia-de-ciudad-victoria-825x575.webp",825,575,true],"chromenews-medium":["https:\/\/samanoticiasdurango.com\/wp-content\/uploads\/eduardo-gattas-sera-candidato-por-morena-a-la-alcaldia-de-ciudad-victoria-590x410.webp",590,410,true]},"author_info":{"display_name":"Redacci\u00f3n","author_link":"https:\/\/samanoticiasdurango.com\/index.php\/author\/jjsama13gmail-com\/"},"category_info":"<a href=\"https:\/\/samanoticiasdurango.com\/index.php\/category\/archivo\/\" rel=\"category tag\">DURANGO<\/a>","tag_info":"DURANGO","comment_count":"0","jetpack_sharing_enabled":true,"_links":{"self":[{"href":"https:\/\/samanoticiasdurango.com\/index.php\/wp-json\/wp\/v2\/posts\/9062","targetHints":{"allow":["GET"]}}],"collection":[{"href":"https:\/\/samanoticiasdurango.com\/index.php\/wp-json\/wp\/v2\/posts"}],"about":[{"href":"https:\/\/samanoticiasdurango.com\/index.php\/wp-json\/wp\/v2\/types\/post"}],"author":[{"embeddable":true,"href":"https:\/\/samanoticiasdurango.com\/index.php\/wp-json\/wp\/v2\/users\/1"}],"replies":[{"embeddable":true,"href":"https:\/\/samanoticiasdurango.com\/index.php\/wp-json\/wp\/v2\/comments?post=9062"}],"version-history":[{"count":1,"href":"https:\/\/samanoticiasdurango.com\/index.php\/wp-json\/wp\/v2\/posts\/9062\/revisions"}],"predecessor-version":[{"id":9064,"href":"https:\/\/samanoticiasdurango.com\/index.php\/wp-json\/wp\/v2\/posts\/9062\/revisions\/9064"}],"wp:featuredmedia":[{"embeddable":true,"href":"https:\/\/samanoticiasdurango.com\/index.php\/wp-json\/wp\/v2\/media\/9063"}],"wp:attachment":[{"href":"https:\/\/samanoticiasdurango.com\/index.php\/wp-json\/wp\/v2\/media?parent=9062"}],"wp:term":[{"taxonomy":"category","embeddable":true,"href":"https:\/\/samanoticiasdurango.com\/index.php\/wp-json\/wp\/v2\/categories?post=9062"},{"taxonomy":"post_tag","embeddable":true,"href":"https:\/\/samanoticiasdurango.com\/index.php\/wp-json\/wp\/v2\/tags?post=9062"}],"curies":[{"name":"wp","href":"https:\/\/api.w.org\/{rel}","templated":true}]}}