{"id":9081,"date":"2024-03-17T01:17:42","date_gmt":"2024-03-17T01:17:42","guid":{"rendered":"http:\/\/samanoticiasdurango.com\/?p=9081"},"modified":"2024-03-17T01:17:44","modified_gmt":"2024-03-17T01:17:44","slug":"detienen-a-gilberto-n-alias-el-50-en-sonora","status":"publish","type":"post","link":"https:\/\/samanoticiasdurango.com\/index.php\/2024\/03\/17\/detienen-a-gilberto-n-alias-el-50-en-sonora\/","title":{"rendered":"<a href=\"https:\/\/lopezdoriga.com\/nacional\/detienen-a-gilberto-n-el-50-sonora\/\">Detienen a Gilberto \u201cN\u201d, alias \u2018El 50\u2019, en Sonora<\/a>"},"content":{"rendered":"\n<p>Fuerzas federales lograron la detenci\u00f3n de\u00a0<strong>Gilberto \u201cN\u201d<\/strong>, mejor conocido como\u00a0\u2018<em><strong>El 50<\/strong><\/em>\u2018, quien es identificado como<strong>\u00a0l\u00edder de Los Demonios<\/strong>\u00a0y considerado como el principal generador de\u00a0<strong>violencia<\/strong>\u00a0en el municipio de<strong>\u00a0Nogales<\/strong>, en\u00a0<strong>Sonora<\/strong>.}<\/p>\n\n\n\n<p>La captura de<em>&nbsp;El 50<\/em>&nbsp;fue realizada por elementos de la&nbsp;<strong>Secretar\u00eda de la Defensa Nacional<\/strong>&nbsp;(<a href=\"https:\/\/www.gob.mx\/sedena\" target=\"_blank\" rel=\"noreferrer noopener\"><strong>Sedena<\/strong><\/a>) sin realizar un solo disparo en un fraccionamiento del municipio de Nogales.<\/p>\n\n\n\n<p>La c\u00e9lula de Los Demonios es considerada como parte de perteneciente a la fracci\u00f3n criminal de&nbsp;<strong>Ismael&nbsp;<em>&nbsp;Mayo<\/em>&nbsp;Zambada,<\/strong>&nbsp;l\u00edder del&nbsp;<strong>C\u00e1rtel del Pac\u00edfico.<\/strong><\/p>\n\n\n\n<p>Gilberto \u201cN\u201d es se\u00f1alado por traficar grandes cantidades de droga sint\u00e9tica hacia los EE.UU., principalmente, a los estados de&nbsp;California, Arizona, Nuevo M\u00e9xico y Texas.<\/p>\n\n\n\n<p>Junto a su grupo delincuencial,&nbsp;<em>El 50<\/em>&nbsp;realizaba secuestros, extorsiones, homicidios, venta de droga, tr\u00e1fico de armas e indocumentados, entre otros delitos.<\/p>\n\n\n\n<p><strong>Con informaci\u00f3n de Foro TV<\/strong><\/p>\n","protected":false},"excerpt":{"rendered":"<p>Fuerzas federales lograron la detenci\u00f3n de\u00a0Gilberto \u201cN\u201d, mejor conocido como\u00a0\u2018El 50\u2018, quien es identificado como\u00a0l\u00edder<\/p>\n","protected":false},"author":1,"featured_media":9082,"comment_status":"open","ping_status":"open","sticky":false,"template":"","format":"standard","meta":{"om_disable_all_campaigns":false,"_monsterinsights_skip_tracking":false,"_monsterinsights_sitenote_active":false,"_monsterinsights_sitenote_note":"","_monsterinsights_sitenote_category":0,"_jetpack_memberships_contains_paid_content":false,"footnotes":"","jetpack_publicize_message":"","jetpack_publicize_feature_enabled":true,"jetpack_social_post_already_shared":false,"jetpack_social_options":{"image_generator_settings":{"template":"highway","enabled":false},"version":2}},"categories":[5],"tags":[],"class_list":["post-9081","post","type-post","status-publish","format-standard","has-post-thumbnail","hentry","category-nacional"],"jetpack_publicize_connections":[],"aioseo_notices":[],"jetpack_featured_media_url":"https:\/\/samanoticiasdurango.com\/wp-content\/uploads\/1-5.jpg","featured_image_urls":{"full":["https:\/\/samanoticiasdurango.com\/wp-content\/uploads\/1-5.jpg",500,261,false],"thumbnail":["https:\/\/samanoticiasdurango.com\/wp-content\/uploads\/1-5-150x150.jpg",150,150,true],"medium":["https:\/\/samanoticiasdurango.com\/wp-content\/uploads\/1-5-300x157.jpg",300,157,true],"medium_large":["https:\/\/samanoticiasdurango.com\/wp-content\/uploads\/1-5.jpg",500,261,false],"large":["https:\/\/samanoticiasdurango.com\/wp-content\/uploads\/1-5.jpg",500,261,false],"1536x1536":["https:\/\/samanoticiasdurango.com\/wp-content\/uploads\/1-5.jpg",500,261,false],"2048x2048":["https:\/\/samanoticiasdurango.com\/wp-content\/uploads\/1-5.jpg",500,261,false],"chromenews-featured":["https:\/\/samanoticiasdurango.com\/wp-content\/uploads\/1-5.jpg",500,261,false],"chromenews-large":["https:\/\/samanoticiasdurango.com\/wp-content\/uploads\/1-5.jpg",500,261,false],"chromenews-medium":["https:\/\/samanoticiasdurango.com\/wp-content\/uploads\/1-5.jpg",500,261,false]},"author_info":{"display_name":"Redacci\u00f3n","author_link":"https:\/\/samanoticiasdurango.com\/index.php\/author\/jjsama13gmail-com\/"},"category_info":"<a href=\"https:\/\/samanoticiasdurango.com\/index.php\/category\/nacional\/\" rel=\"category tag\">NACIONAL<\/a>","tag_info":"NACIONAL","comment_count":"0","jetpack_sharing_enabled":true,"_links":{"self":[{"href":"https:\/\/samanoticiasdurango.com\/index.php\/wp-json\/wp\/v2\/posts\/9081","targetHints":{"allow":["GET"]}}],"collection":[{"href":"https:\/\/samanoticiasdurango.com\/index.php\/wp-json\/wp\/v2\/posts"}],"about":[{"href":"https:\/\/samanoticiasdurango.com\/index.php\/wp-json\/wp\/v2\/types\/post"}],"author":[{"embeddable":true,"href":"https:\/\/samanoticiasdurango.com\/index.php\/wp-json\/wp\/v2\/users\/1"}],"replies":[{"embeddable":true,"href":"https:\/\/samanoticiasdurango.com\/index.php\/wp-json\/wp\/v2\/comments?post=9081"}],"version-history":[{"count":1,"href":"https:\/\/samanoticiasdurango.com\/index.php\/wp-json\/wp\/v2\/posts\/9081\/revisions"}],"predecessor-version":[{"id":9083,"href":"https:\/\/samanoticiasdurango.com\/index.php\/wp-json\/wp\/v2\/posts\/9081\/revisions\/9083"}],"wp:featuredmedia":[{"embeddable":true,"href":"https:\/\/samanoticiasdurango.com\/index.php\/wp-json\/wp\/v2\/media\/9082"}],"wp:attachment":[{"href":"https:\/\/samanoticiasdurango.com\/index.php\/wp-json\/wp\/v2\/media?parent=9081"}],"wp:term":[{"taxonomy":"category","embeddable":true,"href":"https:\/\/samanoticiasdurango.com\/index.php\/wp-json\/wp\/v2\/categories?post=9081"},{"taxonomy":"post_tag","embeddable":true,"href":"https:\/\/samanoticiasdurango.com\/index.php\/wp-json\/wp\/v2\/tags?post=9081"}],"curies":[{"name":"wp","href":"https:\/\/api.w.org\/{rel}","templated":true}]}}