{"id":9092,"date":"2024-03-19T14:45:25","date_gmt":"2024-03-19T14:45:25","guid":{"rendered":"http:\/\/samanoticiasdurango.com\/?p=9092"},"modified":"2024-03-19T14:45:26","modified_gmt":"2024-03-19T14:45:26","slug":"pese-a-reforzamiento-en-seguridad-crece-el-robo-en-carreteras-9-3","status":"publish","type":"post","link":"https:\/\/samanoticiasdurango.com\/index.php\/2024\/03\/19\/pese-a-reforzamiento-en-seguridad-crece-el-robo-en-carreteras-9-3\/","title":{"rendered":"<a href=\"https:\/\/lopezdoriga.com\/nacional\/pese-reforzamiento-seguridad-crece-eobo-carreteras-9-3-por-ciento\/\">Pese a reforzamiento en seguridad, crece el robo en carreteras 9.3 %<\/a>"},"content":{"rendered":"\n<p>Pese al&nbsp;<strong>operativo<\/strong>&nbsp;para reforzar&nbsp;<strong>carreteras<\/strong>&nbsp;del Gobierno federal, se ha registrado un&nbsp;<strong>aumento<\/strong>&nbsp;en el&nbsp;<strong>robo a transportistas<\/strong>&nbsp;del 9.3 por ciento en el lapso comprendido entre el&nbsp;<strong>5 y el 18 de marzo<\/strong>.<\/p>\n\n\n\n<p>En la conferencia matutina de Palacio Nacional, el comandante de la&nbsp;<strong><a href=\"https:\/\/www.gob.mx\/guardianacional\" target=\"_blank\" rel=\"noreferrer noopener\">Guardia Nacional<\/a>, David C\u00f3rdova Campos<\/strong>, apunt\u00f3 que el periodo ya citado se apuntaron&nbsp;<strong>47 robos en carreteras<\/strong>, mientras que entre el 20 de febrero al 4 de marzo se registraron 43 casos de este delito.<\/p>\n\n\n\n<blockquote class=\"wp-block-quote is-layout-flow wp-block-quote-is-layout-flow\">\n<p>Tenemos un alza de cuatro casos, lo que representa un 9.3 por ciento (de aumento), indic\u00f3.<\/p>\n<\/blockquote>\n\n\n\n<p>C\u00f3rdova Campos expuso que se reforzaron las acciones para revertir el delito de robo de carreteras, con 759 efectivos m\u00e1s y 354 veh\u00edculos de la Guardia Nacional en 10 estados del pa\u00eds: Estado de M\u00e9xico, Puebla, Michoac\u00e1n, San Luis Potos\u00ed, Jalisco, Oaxaca, Morelos, Nuevo Le\u00f3n, Veracruz y Tlaxcala.<\/p>\n\n\n\n<p>En el Sal\u00f3n Tesorer\u00eda, el comandante de la Guardia Nacional anot\u00f3 que hay cuatro tramos carreteros reforzados por autoridades federales: la autopista M\u00e9xico-Quer\u00e9taro, el Arco Norte, Amozoc-Perote y el Nochixtl\u00e1n-Cuacnopalan.<\/p>\n\n\n\n<p><strong>Con informaci\u00f3n de L\u00f3pez-D\u00f3riga Digital<\/strong><\/p>\n","protected":false},"excerpt":{"rendered":"<p>Pese al&nbsp;operativo&nbsp;para reforzar&nbsp;carreteras&nbsp;del Gobierno federal, se ha registrado un&nbsp;aumento&nbsp;en el&nbsp;robo a transportistas&nbsp;del 9.3 por ciento<\/p>\n","protected":false},"author":1,"featured_media":9093,"comment_status":"open","ping_status":"open","sticky":false,"template":"","format":"standard","meta":{"om_disable_all_campaigns":false,"_monsterinsights_skip_tracking":false,"_monsterinsights_sitenote_active":false,"_monsterinsights_sitenote_note":"","_monsterinsights_sitenote_category":0,"_jetpack_memberships_contains_paid_content":false,"footnotes":"","jetpack_publicize_message":"","jetpack_publicize_feature_enabled":true,"jetpack_social_post_already_shared":false,"jetpack_social_options":{"image_generator_settings":{"template":"highway","enabled":false},"version":2}},"categories":[5],"tags":[],"class_list":["post-9092","post","type-post","status-publish","format-standard","has-post-thumbnail","hentry","category-nacional"],"jetpack_publicize_connections":[],"aioseo_notices":[],"jetpack_featured_media_url":"https:\/\/samanoticiasdurango.com\/wp-content\/uploads\/transportistas-paro-nacional.webp","featured_image_urls":{"full":["https:\/\/samanoticiasdurango.com\/wp-content\/uploads\/transportistas-paro-nacional.webp",1536,1029,false],"thumbnail":["https:\/\/samanoticiasdurango.com\/wp-content\/uploads\/transportistas-paro-nacional-150x150.webp",150,150,true],"medium":["https:\/\/samanoticiasdurango.com\/wp-content\/uploads\/transportistas-paro-nacional-300x201.webp",300,201,true],"medium_large":["https:\/\/samanoticiasdurango.com\/wp-content\/uploads\/transportistas-paro-nacional-768x515.webp",640,429,true],"large":["https:\/\/samanoticiasdurango.com\/wp-content\/uploads\/transportistas-paro-nacional-1024x686.webp",640,429,true],"1536x1536":["https:\/\/samanoticiasdurango.com\/wp-content\/uploads\/transportistas-paro-nacional.webp",1536,1029,false],"2048x2048":["https:\/\/samanoticiasdurango.com\/wp-content\/uploads\/transportistas-paro-nacional.webp",1536,1029,false],"chromenews-featured":["https:\/\/samanoticiasdurango.com\/wp-content\/uploads\/transportistas-paro-nacional-1024x686.webp",1024,686,true],"chromenews-large":["https:\/\/samanoticiasdurango.com\/wp-content\/uploads\/transportistas-paro-nacional-825x575.webp",825,575,true],"chromenews-medium":["https:\/\/samanoticiasdurango.com\/wp-content\/uploads\/transportistas-paro-nacional-590x410.webp",590,410,true]},"author_info":{"display_name":"Redacci\u00f3n","author_link":"https:\/\/samanoticiasdurango.com\/index.php\/author\/jjsama13gmail-com\/"},"category_info":"<a href=\"https:\/\/samanoticiasdurango.com\/index.php\/category\/nacional\/\" rel=\"category tag\">NACIONAL<\/a>","tag_info":"NACIONAL","comment_count":"0","jetpack_sharing_enabled":true,"_links":{"self":[{"href":"https:\/\/samanoticiasdurango.com\/index.php\/wp-json\/wp\/v2\/posts\/9092","targetHints":{"allow":["GET"]}}],"collection":[{"href":"https:\/\/samanoticiasdurango.com\/index.php\/wp-json\/wp\/v2\/posts"}],"about":[{"href":"https:\/\/samanoticiasdurango.com\/index.php\/wp-json\/wp\/v2\/types\/post"}],"author":[{"embeddable":true,"href":"https:\/\/samanoticiasdurango.com\/index.php\/wp-json\/wp\/v2\/users\/1"}],"replies":[{"embeddable":true,"href":"https:\/\/samanoticiasdurango.com\/index.php\/wp-json\/wp\/v2\/comments?post=9092"}],"version-history":[{"count":1,"href":"https:\/\/samanoticiasdurango.com\/index.php\/wp-json\/wp\/v2\/posts\/9092\/revisions"}],"predecessor-version":[{"id":9094,"href":"https:\/\/samanoticiasdurango.com\/index.php\/wp-json\/wp\/v2\/posts\/9092\/revisions\/9094"}],"wp:featuredmedia":[{"embeddable":true,"href":"https:\/\/samanoticiasdurango.com\/index.php\/wp-json\/wp\/v2\/media\/9093"}],"wp:attachment":[{"href":"https:\/\/samanoticiasdurango.com\/index.php\/wp-json\/wp\/v2\/media?parent=9092"}],"wp:term":[{"taxonomy":"category","embeddable":true,"href":"https:\/\/samanoticiasdurango.com\/index.php\/wp-json\/wp\/v2\/categories?post=9092"},{"taxonomy":"post_tag","embeddable":true,"href":"https:\/\/samanoticiasdurango.com\/index.php\/wp-json\/wp\/v2\/tags?post=9092"}],"curies":[{"name":"wp","href":"https:\/\/api.w.org\/{rel}","templated":true}]}}