{"id":9119,"date":"2024-03-24T18:05:29","date_gmt":"2024-03-24T18:05:29","guid":{"rendered":"http:\/\/samanoticiasdurango.com\/?p=9119"},"modified":"2024-03-24T18:05:30","modified_gmt":"2024-03-24T18:05:30","slug":"se-registran-nuevos-disparos-en-culiacan-vehiculo-rompio-cerco-militar-tras-enfrentamiento","status":"publish","type":"post","link":"https:\/\/samanoticiasdurango.com\/index.php\/2024\/03\/24\/se-registran-nuevos-disparos-en-culiacan-vehiculo-rompio-cerco-militar-tras-enfrentamiento\/","title":{"rendered":"<a href=\"https:\/\/lopezdoriga.com\/nacional\/culiacan-nuevos-disparos-vehiculo-rompio-cerco-militar\/\">Se registran nuevos disparos en Culiac\u00e1n; veh\u00edculo rompi\u00f3 cerco militar tras enfrentamiento<\/a>"},"content":{"rendered":"\n<p>La ciudad de\u00a0<strong>Culiac\u00e1n<\/strong>\u00a0registr\u00f3 nuevos\u00a0<strong>disparos<\/strong>\u00a0la ma\u00f1ana de este domingo, despu\u00e9s de que en la madrugada sucediera un\u00a0<a href=\"https:\/\/lopezdoriga.com\/nacional\/culiacan-enfrentamiento-deja-guardia-nacional-muerto-otro-herido\/\" target=\"_blank\" rel=\"noreferrer noopener\">enfrentamiento<\/a>\u00a0en el que un\u00a0<strong>guardia nacional<\/strong>\u00a0<strong>muri\u00f3<\/strong>.<\/p>\n\n\n\n<p>El&nbsp;<strong>Ej\u00e9rcito<\/strong>&nbsp;instaur\u00f3&nbsp;<strong>retenes<\/strong>&nbsp;en la zona del enfrentamiento, en uno de los cuales&nbsp;<strong>irrumpi\u00f3<\/strong>&nbsp;una&nbsp;<strong>camioneta<\/strong>.<\/p>\n\n\n\n<p>Los tripulantes de la unidad habr\u00edan&nbsp;<strong>disparado<\/strong>&nbsp;contra los&nbsp;<strong>elementos<\/strong>&nbsp;<strong>federales<\/strong>, quienes&nbsp;<strong>repelieron<\/strong>&nbsp;la&nbsp;<strong>agresi\u00f3n<\/strong>.<\/p>\n\n\n\n<p>Un reportero de&nbsp;<em>Luz Noticias<\/em>&nbsp;capt\u00f3 el momento en que militares abrieron fuego contra la camioneta que cruz\u00f3 a toda velocidad el cerco policial.<\/p>\n\n\n\n<p>Los disparos duraron varios segundos, tras lo cual un polic\u00eda solicit\u00f3 al reportero y su acompa\u00f1ante retirarse del lugar por seguridad.<\/p>\n\n\n\n<p>Se presume que los sujetos implicados fueron asegurados metros adelante.<\/p>\n\n\n\n<p><strong>Con informaci\u00f3n de Luz Noticias<\/strong><\/p>\n","protected":false},"excerpt":{"rendered":"<p>La ciudad de\u00a0Culiac\u00e1n\u00a0registr\u00f3 nuevos\u00a0disparos\u00a0la ma\u00f1ana de este domingo, despu\u00e9s de que en la madrugada sucediera<\/p>\n","protected":false},"author":1,"featured_media":9120,"comment_status":"open","ping_status":"open","sticky":false,"template":"","format":"standard","meta":{"om_disable_all_campaigns":false,"_monsterinsights_skip_tracking":false,"_monsterinsights_sitenote_active":false,"_monsterinsights_sitenote_note":"","_monsterinsights_sitenote_category":0,"_jetpack_memberships_contains_paid_content":false,"footnotes":"","jetpack_publicize_message":"","jetpack_publicize_feature_enabled":true,"jetpack_social_post_already_shared":false,"jetpack_social_options":{"image_generator_settings":{"template":"highway","enabled":false},"version":2}},"categories":[1],"tags":[],"class_list":["post-9119","post","type-post","status-publish","format-standard","has-post-thumbnail","hentry","category-archivo"],"jetpack_publicize_connections":[],"aioseo_notices":[],"jetpack_featured_media_url":"https:\/\/samanoticiasdurango.com\/wp-content\/uploads\/zona-acordonada-en-culiacan-tras-enfrentamiento-que-dejo-un-guardia-nacional-muerto.webp","featured_image_urls":{"full":["https:\/\/samanoticiasdurango.com\/wp-content\/uploads\/zona-acordonada-en-culiacan-tras-enfrentamiento-que-dejo-un-guardia-nacional-muerto.webp",1536,864,false],"thumbnail":["https:\/\/samanoticiasdurango.com\/wp-content\/uploads\/zona-acordonada-en-culiacan-tras-enfrentamiento-que-dejo-un-guardia-nacional-muerto-150x150.webp",150,150,true],"medium":["https:\/\/samanoticiasdurango.com\/wp-content\/uploads\/zona-acordonada-en-culiacan-tras-enfrentamiento-que-dejo-un-guardia-nacional-muerto-300x169.webp",300,169,true],"medium_large":["https:\/\/samanoticiasdurango.com\/wp-content\/uploads\/zona-acordonada-en-culiacan-tras-enfrentamiento-que-dejo-un-guardia-nacional-muerto-768x432.webp",640,360,true],"large":["https:\/\/samanoticiasdurango.com\/wp-content\/uploads\/zona-acordonada-en-culiacan-tras-enfrentamiento-que-dejo-un-guardia-nacional-muerto-1024x576.webp",640,360,true],"1536x1536":["https:\/\/samanoticiasdurango.com\/wp-content\/uploads\/zona-acordonada-en-culiacan-tras-enfrentamiento-que-dejo-un-guardia-nacional-muerto.webp",1536,864,false],"2048x2048":["https:\/\/samanoticiasdurango.com\/wp-content\/uploads\/zona-acordonada-en-culiacan-tras-enfrentamiento-que-dejo-un-guardia-nacional-muerto.webp",1536,864,false],"chromenews-featured":["https:\/\/samanoticiasdurango.com\/wp-content\/uploads\/zona-acordonada-en-culiacan-tras-enfrentamiento-que-dejo-un-guardia-nacional-muerto-1024x576.webp",1024,576,true],"chromenews-large":["https:\/\/samanoticiasdurango.com\/wp-content\/uploads\/zona-acordonada-en-culiacan-tras-enfrentamiento-que-dejo-un-guardia-nacional-muerto-825x575.webp",825,575,true],"chromenews-medium":["https:\/\/samanoticiasdurango.com\/wp-content\/uploads\/zona-acordonada-en-culiacan-tras-enfrentamiento-que-dejo-un-guardia-nacional-muerto-590x410.webp",590,410,true]},"author_info":{"display_name":"Redacci\u00f3n","author_link":"https:\/\/samanoticiasdurango.com\/index.php\/author\/jjsama13gmail-com\/"},"category_info":"<a href=\"https:\/\/samanoticiasdurango.com\/index.php\/category\/archivo\/\" rel=\"category tag\">DURANGO<\/a>","tag_info":"DURANGO","comment_count":"0","jetpack_sharing_enabled":true,"_links":{"self":[{"href":"https:\/\/samanoticiasdurango.com\/index.php\/wp-json\/wp\/v2\/posts\/9119","targetHints":{"allow":["GET"]}}],"collection":[{"href":"https:\/\/samanoticiasdurango.com\/index.php\/wp-json\/wp\/v2\/posts"}],"about":[{"href":"https:\/\/samanoticiasdurango.com\/index.php\/wp-json\/wp\/v2\/types\/post"}],"author":[{"embeddable":true,"href":"https:\/\/samanoticiasdurango.com\/index.php\/wp-json\/wp\/v2\/users\/1"}],"replies":[{"embeddable":true,"href":"https:\/\/samanoticiasdurango.com\/index.php\/wp-json\/wp\/v2\/comments?post=9119"}],"version-history":[{"count":1,"href":"https:\/\/samanoticiasdurango.com\/index.php\/wp-json\/wp\/v2\/posts\/9119\/revisions"}],"predecessor-version":[{"id":9121,"href":"https:\/\/samanoticiasdurango.com\/index.php\/wp-json\/wp\/v2\/posts\/9119\/revisions\/9121"}],"wp:featuredmedia":[{"embeddable":true,"href":"https:\/\/samanoticiasdurango.com\/index.php\/wp-json\/wp\/v2\/media\/9120"}],"wp:attachment":[{"href":"https:\/\/samanoticiasdurango.com\/index.php\/wp-json\/wp\/v2\/media?parent=9119"}],"wp:term":[{"taxonomy":"category","embeddable":true,"href":"https:\/\/samanoticiasdurango.com\/index.php\/wp-json\/wp\/v2\/categories?post=9119"},{"taxonomy":"post_tag","embeddable":true,"href":"https:\/\/samanoticiasdurango.com\/index.php\/wp-json\/wp\/v2\/tags?post=9119"}],"curies":[{"name":"wp","href":"https:\/\/api.w.org\/{rel}","templated":true}]}}