{"id":9177,"date":"2024-03-28T18:47:22","date_gmt":"2024-03-28T18:47:22","guid":{"rendered":"http:\/\/samanoticiasdurango.com\/?p=9177"},"modified":"2024-03-28T18:47:22","modified_gmt":"2024-03-28T18:47:22","slug":"papa-francisco-llama-al-arrepentimiento-en-jueves-santo","status":"publish","type":"post","link":"https:\/\/samanoticiasdurango.com\/index.php\/2024\/03\/28\/papa-francisco-llama-al-arrepentimiento-en-jueves-santo\/","title":{"rendered":"Papa Francisco llama al arrepentimiento en Jueves Santo"},"content":{"rendered":"\n<p>El coraz\u00f3n sin arrepentimiento, ni llanto se vuelve r\u00edgido, afirm\u00f3.<\/p>\n\n\n\n<p>Ciudad del Vaticano, 28 mar.- El Papa Francisco presidi\u00f3 hoy la misa del Jueves Santo, con un llamado a los cat\u00f3licos abrir su coraz\u00f3n al arrepentimiento, ante miles de fieles de todo el mundo, congregados en la Plaza de San Pedro.<br>El Papa hizo referencia la negaci\u00f3n, que seg\u00fan los evangelios hizo el ap\u00f3stol Pedro a Jes\u00fas, antes de la crucifixi\u00f3n, y subray\u00f3 que fue precisamente \u201cen la oscuridad de la negaci\u00f3n (que el ap\u00f3stol Pedro), dio cabida a las l\u00e1grimas de verg\u00fcenza y arrepentimiento.<br>\u201cLa curaci\u00f3n del coraz\u00f3n de Pedro, la curaci\u00f3n del Ap\u00f3stol y la del pastor son posibles cuando, heridos y arrepentidos, nos dejamos perdonar por Jes\u00fas; estas curaciones pasan a trav\u00e9s de las l\u00e1grimas, el llanto amargo y el dolor que permite redescubrir el amor\u201d, apunt\u00f3.<br>Este aspecto, explic\u00f3 el Sumo Pont\u00edfice, puede definirse como \u201ccompunci\u00f3n\u201d, una \u201cpunci\u00f3n en el coraz\u00f3n, un pinchazo que hiere, haciendo brotar l\u00e1grimas de arrepentimiento\u201d, inform\u00f3 el sitio cat\u00f3lico Aci Prensa.<br>\u201cEsta es la compunci\u00f3n, no es un sentimiento de culpa que nos tumba por tierra, no es el escr\u00fapulo que paraliza, sino un aguij\u00f3n ben\u00e9fico que quema por dentro y cura, porque el coraz\u00f3n, cuando ve el propio mal y se reconoce pecador, se abre, acoge la acci\u00f3n del Esp\u00edritu Santo\u201d, apunt\u00f3.<br>El Papa aprovecho la presencia de cardenales, obispos y sacerdotes en la Misa Crismal del Jueves Santo, para recordarles la importancia que representa comprender bien qu\u00e9 significan las l\u00e1grimas de compunci\u00f3n, ya que \u201cno se trata de sentir l\u00e1stima de uno mismo, como frecuentemente nos vemos tentados a hacer\u201d.<br>\u201cTambi\u00e9n cuando, a causa de un extra\u00f1o y malsano gusto de nuestro esp\u00edritu, nos regodeamos en los agravios recibidos para autocompadecernos, pensando que no nos han dado lo que merec\u00edamos e imaginando que el futuro no nos depara m\u00e1s que continuas desilusiones\u201d, agreg\u00f3.<br>Durante la celebraci\u00f3n de la misa del Jueves Santo, el Papa bendijo el Santo Crisma y los dem\u00e1s \u00d3leos Sagrados, \u00d3leo de los Catec\u00famenos y \u00d3leo de los Enfermos, que se usar\u00e1n a lo largo del a\u00f1o para impartir los sacramentos, mientras que los sacerdotes presentes renovaron las promesas del d\u00eda de su ordenaci\u00f3n.<\/p>\n\n\n\n<p>Con informaci\u00f3n de AMEXI<\/p>\n","protected":false},"excerpt":{"rendered":"<p>El coraz\u00f3n sin arrepentimiento, ni llanto se vuelve r\u00edgido, afirm\u00f3. Ciudad del Vaticano, 28 mar.-<\/p>\n","protected":false},"author":1,"featured_media":9178,"comment_status":"open","ping_status":"open","sticky":false,"template":"","format":"standard","meta":{"om_disable_all_campaigns":false,"_monsterinsights_skip_tracking":false,"_monsterinsights_sitenote_active":false,"_monsterinsights_sitenote_note":"","_monsterinsights_sitenote_category":0,"_jetpack_memberships_contains_paid_content":false,"footnotes":"","jetpack_publicize_message":"","jetpack_publicize_feature_enabled":true,"jetpack_social_post_already_shared":false,"jetpack_social_options":{"image_generator_settings":{"template":"highway","enabled":false},"version":2}},"categories":[6],"tags":[],"class_list":["post-9177","post","type-post","status-publish","format-standard","has-post-thumbnail","hentry","category-internacional"],"jetpack_publicize_connections":[],"aioseo_notices":[],"jetpack_featured_media_url":"https:\/\/samanoticiasdurango.com\/wp-content\/uploads\/papa-jueves.webp","featured_image_urls":{"full":["https:\/\/samanoticiasdurango.com\/wp-content\/uploads\/papa-jueves.webp",670,447,false],"thumbnail":["https:\/\/samanoticiasdurango.com\/wp-content\/uploads\/papa-jueves-150x150.webp",150,150,true],"medium":["https:\/\/samanoticiasdurango.com\/wp-content\/uploads\/papa-jueves-300x200.webp",300,200,true],"medium_large":["https:\/\/samanoticiasdurango.com\/wp-content\/uploads\/papa-jueves.webp",640,427,false],"large":["https:\/\/samanoticiasdurango.com\/wp-content\/uploads\/papa-jueves.webp",640,427,false],"1536x1536":["https:\/\/samanoticiasdurango.com\/wp-content\/uploads\/papa-jueves.webp",670,447,false],"2048x2048":["https:\/\/samanoticiasdurango.com\/wp-content\/uploads\/papa-jueves.webp",670,447,false],"chromenews-featured":["https:\/\/samanoticiasdurango.com\/wp-content\/uploads\/papa-jueves.webp",670,447,false],"chromenews-large":["https:\/\/samanoticiasdurango.com\/wp-content\/uploads\/papa-jueves.webp",670,447,false],"chromenews-medium":["https:\/\/samanoticiasdurango.com\/wp-content\/uploads\/papa-jueves-590x410.webp",590,410,true]},"author_info":{"display_name":"Redacci\u00f3n","author_link":"https:\/\/samanoticiasdurango.com\/index.php\/author\/jjsama13gmail-com\/"},"category_info":"<a href=\"https:\/\/samanoticiasdurango.com\/index.php\/category\/internacional\/\" rel=\"category tag\">INTERNACIONAL<\/a>","tag_info":"INTERNACIONAL","comment_count":"0","jetpack_sharing_enabled":true,"_links":{"self":[{"href":"https:\/\/samanoticiasdurango.com\/index.php\/wp-json\/wp\/v2\/posts\/9177","targetHints":{"allow":["GET"]}}],"collection":[{"href":"https:\/\/samanoticiasdurango.com\/index.php\/wp-json\/wp\/v2\/posts"}],"about":[{"href":"https:\/\/samanoticiasdurango.com\/index.php\/wp-json\/wp\/v2\/types\/post"}],"author":[{"embeddable":true,"href":"https:\/\/samanoticiasdurango.com\/index.php\/wp-json\/wp\/v2\/users\/1"}],"replies":[{"embeddable":true,"href":"https:\/\/samanoticiasdurango.com\/index.php\/wp-json\/wp\/v2\/comments?post=9177"}],"version-history":[{"count":1,"href":"https:\/\/samanoticiasdurango.com\/index.php\/wp-json\/wp\/v2\/posts\/9177\/revisions"}],"predecessor-version":[{"id":9179,"href":"https:\/\/samanoticiasdurango.com\/index.php\/wp-json\/wp\/v2\/posts\/9177\/revisions\/9179"}],"wp:featuredmedia":[{"embeddable":true,"href":"https:\/\/samanoticiasdurango.com\/index.php\/wp-json\/wp\/v2\/media\/9178"}],"wp:attachment":[{"href":"https:\/\/samanoticiasdurango.com\/index.php\/wp-json\/wp\/v2\/media?parent=9177"}],"wp:term":[{"taxonomy":"category","embeddable":true,"href":"https:\/\/samanoticiasdurango.com\/index.php\/wp-json\/wp\/v2\/categories?post=9177"},{"taxonomy":"post_tag","embeddable":true,"href":"https:\/\/samanoticiasdurango.com\/index.php\/wp-json\/wp\/v2\/tags?post=9177"}],"curies":[{"name":"wp","href":"https:\/\/api.w.org\/{rel}","templated":true}]}}