{"id":9185,"date":"2024-03-29T15:28:47","date_gmt":"2024-03-29T15:28:47","guid":{"rendered":"http:\/\/samanoticiasdurango.com\/?p=9185"},"modified":"2024-03-29T15:28:48","modified_gmt":"2024-03-29T15:28:48","slug":"via-crucis-del-papa-francisco-reflexionara-sobre-la-guerra-y-violencia-contra-las-mujeres","status":"publish","type":"post","link":"https:\/\/samanoticiasdurango.com\/index.php\/2024\/03\/29\/via-crucis-del-papa-francisco-reflexionara-sobre-la-guerra-y-violencia-contra-las-mujeres\/","title":{"rendered":"<a href=\"https:\/\/lopezdoriga.com\/internacional\/papa-francisco-meditaciones-via-crucis-guerra-violencia-mujeres\/\">V\u00eda crucis del papa Francisco reflexionar\u00e1 sobre la guerra y violencia contra las mujeres<\/a>"},"content":{"rendered":"\n<p>Las meditaciones escritas por primera vez por el&nbsp;<strong>papa Francisco<\/strong>&nbsp;para el tradicional&nbsp;<strong>v\u00eda crucis<\/strong>&nbsp;que se celebra este Viernes Santo en el Coliseo de Roma, ser\u00e1n un di\u00e1logo con Jes\u00fas en un mundo donde reina \u201cla locura de la&nbsp;<strong>guerra<\/strong>\u201c, \u201cla&nbsp;<strong>violencia contra las mujeres<\/strong>\u201d y en el que \u201cbasta un teclado para escribir sentencias\u201d.<\/p>\n\n\n\n<p>El Vaticano&nbsp;<a href=\"https:\/\/www.vaticannews.va\/es\/papa\/news\/2024-03\/meditaciones-del-papa-via-crucis-coliseo-2024.html\" target=\"_blank\" rel=\"noreferrer noopener\">public\u00f3<\/a>&nbsp;las&nbsp;<strong>meditaciones<\/strong>&nbsp;escritas del pu\u00f1o y letra de Francisco y que resonar\u00e1n esta noche en el anfiteatro romano, s\u00edmbolo de las persecuciones de los cristianos en los primeros tiempos, y que como ya adelant\u00f3 el Vaticano, son \u201cun acto de meditaci\u00f3n y de espiritualidad, con Jes\u00fas en el centro\u201d y por tanto \u201cla referencia a la actualidad ser\u00e1, por tanto, menos directa a la expresada en a\u00f1os pasados\u201d.<\/p>\n\n\n\n<p>En las catorce estaciones del v\u00eda crucis, el papa establece un di\u00e1logo con Jes\u00fas con interrogantes, reflexiones y ruegos ante las experiencias de todos los d\u00edas como cuando \u201cvivimos dolores, decepciones, heridas, fracasos y cruces que tambi\u00e9n nosotros llevamos\u201d pero a veces solo \u201cnos hundimos en el victimismo\u201d.<\/p>\n\n\n\n<p>Francisco asegura en sus reflexiones que la \u201cinfamia y el desprecio\u201d, que sufri\u00f3 Jes\u00fas, es algo que sucede hoy en d\u00eda cuando \u201cun teclado basta para insultar y publicar sentencias\u201d.<\/p>\n\n\n\n<p>Tambi\u00e9n medita sobre \u201ccuando volvemos a caer en nuestros errores y pecados cuando nos escandalizamos de los dem\u00e1s y luego nos damos cuenta de que no somos diferentes\u201d.<\/p>\n\n\n\n<p>En la octava estaci\u00f3n, cuando \u2018Jes\u00fas se encuentra con las mujeres de Jerusal\u00e9n\u2019, para Francisco es la oportunidad de instar a \u201creconocer la grandeza de las mujeres, las que en Pascua te fueron fieles y no te abandonaron, las que a\u00fan hoy siguen siendo descartadas, sufriendo ultrajes y violencia\u201d.<\/p>\n\n\n\n<p>Y en este momento, el papa tambi\u00e9n reflexiona sobre \u201csi lloramos ante la locura de la guerra, ante los rostros de los ni\u00f1os que ya no saben sonre\u00edr, ante sus madres que los ven desnutridos y hambrientos sin tener siquiera m\u00e1s l\u00e1grimas que derramar\u201d.<\/p>\n\n\n\n<p>Y Francisco pide: \u201cT\u00fa, Jes\u00fas, has llorado por Jerusal\u00e9n, has llorado por la dureza de nuestros corazones. Sac\u00fademe por dentro, dame la gracia de llorar rezando y de rezar llorando\u201d.<\/p>\n\n\n\n<p>Cuando Jes\u00fas es bajado de la cruz y entregado a Mar\u00eda, el papa observa que \u201cvivimos en un tiempo despiadado y necesitamos compasi\u00f3n\u201d y pide a la Virgen: \u201c\u00dangenos con mansedumbre; deshaz las resistencias del coraz\u00f3n y los nudos del alma\u201d.<\/p>\n\n\n\n<p>En su oraci\u00f3n final, el papa pide que este momento sirva para abrazar \u201ca los hermanos y hermanas de tantas partes del mundo que sufren persecuci\u00f3n a causa de tu nombre; a los que padecen la tragedia de la guerra y a los que, sacando fuerzas de ti, cargan con pesadas cruces\u201d.<\/p>\n\n\n\n<p>\u201cJes\u00fas, juez santo que me llamar\u00e1s por mi nombre, l\u00edbrame de juicios temerarios, chismes y palabras violentas y ofensivas\u201d, ruega tambi\u00e9n Francisco.<\/p>\n\n\n\n<p>El v\u00eda crucis del Coliseo comenzar\u00e1 a las 21:00 hora italiana y est\u00e1 prevista que el papa lo presida desde la colina del Palatino, mientras que el a\u00f1o pasado no acudi\u00f3 por el intenso fr\u00edo pues se ten\u00eda que recuperar de la bronquitis que le oblig\u00f3 a ser hospitalizado.<\/p>\n\n\n\n<p><strong>Con informaci\u00f3n de EFE<\/strong><\/p>\n","protected":false},"excerpt":{"rendered":"<p>Las meditaciones escritas por primera vez por el&nbsp;papa Francisco&nbsp;para el tradicional&nbsp;v\u00eda crucis&nbsp;que se celebra este<\/p>\n","protected":false},"author":1,"featured_media":9186,"comment_status":"open","ping_status":"open","sticky":false,"template":"","format":"standard","meta":{"om_disable_all_campaigns":false,"_monsterinsights_skip_tracking":false,"_monsterinsights_sitenote_active":false,"_monsterinsights_sitenote_note":"","_monsterinsights_sitenote_category":0,"_jetpack_memberships_contains_paid_content":false,"footnotes":"","jetpack_publicize_message":"","jetpack_publicize_feature_enabled":true,"jetpack_social_post_already_shared":false,"jetpack_social_options":{"image_generator_settings":{"template":"highway","enabled":false},"version":2}},"categories":[6],"tags":[],"class_list":["post-9185","post","type-post","status-publish","format-standard","has-post-thumbnail","hentry","category-internacional"],"jetpack_publicize_connections":[],"aioseo_notices":[],"jetpack_featured_media_url":"https:\/\/samanoticiasdurango.com\/wp-content\/uploads\/papa-francisco-5.webp","featured_image_urls":{"full":["https:\/\/samanoticiasdurango.com\/wp-content\/uploads\/papa-francisco-5.webp",1536,1186,false],"thumbnail":["https:\/\/samanoticiasdurango.com\/wp-content\/uploads\/papa-francisco-5-150x150.webp",150,150,true],"medium":["https:\/\/samanoticiasdurango.com\/wp-content\/uploads\/papa-francisco-5-300x232.webp",300,232,true],"medium_large":["https:\/\/samanoticiasdurango.com\/wp-content\/uploads\/papa-francisco-5-768x593.webp",640,494,true],"large":["https:\/\/samanoticiasdurango.com\/wp-content\/uploads\/papa-francisco-5-1024x791.webp",640,494,true],"1536x1536":["https:\/\/samanoticiasdurango.com\/wp-content\/uploads\/papa-francisco-5.webp",1536,1186,false],"2048x2048":["https:\/\/samanoticiasdurango.com\/wp-content\/uploads\/papa-francisco-5.webp",1536,1186,false],"chromenews-featured":["https:\/\/samanoticiasdurango.com\/wp-content\/uploads\/papa-francisco-5-1024x791.webp",1024,791,true],"chromenews-large":["https:\/\/samanoticiasdurango.com\/wp-content\/uploads\/papa-francisco-5-825x575.webp",825,575,true],"chromenews-medium":["https:\/\/samanoticiasdurango.com\/wp-content\/uploads\/papa-francisco-5-590x410.webp",590,410,true]},"author_info":{"display_name":"Redacci\u00f3n","author_link":"https:\/\/samanoticiasdurango.com\/index.php\/author\/jjsama13gmail-com\/"},"category_info":"<a href=\"https:\/\/samanoticiasdurango.com\/index.php\/category\/internacional\/\" rel=\"category tag\">INTERNACIONAL<\/a>","tag_info":"INTERNACIONAL","comment_count":"0","jetpack_sharing_enabled":true,"_links":{"self":[{"href":"https:\/\/samanoticiasdurango.com\/index.php\/wp-json\/wp\/v2\/posts\/9185","targetHints":{"allow":["GET"]}}],"collection":[{"href":"https:\/\/samanoticiasdurango.com\/index.php\/wp-json\/wp\/v2\/posts"}],"about":[{"href":"https:\/\/samanoticiasdurango.com\/index.php\/wp-json\/wp\/v2\/types\/post"}],"author":[{"embeddable":true,"href":"https:\/\/samanoticiasdurango.com\/index.php\/wp-json\/wp\/v2\/users\/1"}],"replies":[{"embeddable":true,"href":"https:\/\/samanoticiasdurango.com\/index.php\/wp-json\/wp\/v2\/comments?post=9185"}],"version-history":[{"count":1,"href":"https:\/\/samanoticiasdurango.com\/index.php\/wp-json\/wp\/v2\/posts\/9185\/revisions"}],"predecessor-version":[{"id":9187,"href":"https:\/\/samanoticiasdurango.com\/index.php\/wp-json\/wp\/v2\/posts\/9185\/revisions\/9187"}],"wp:featuredmedia":[{"embeddable":true,"href":"https:\/\/samanoticiasdurango.com\/index.php\/wp-json\/wp\/v2\/media\/9186"}],"wp:attachment":[{"href":"https:\/\/samanoticiasdurango.com\/index.php\/wp-json\/wp\/v2\/media?parent=9185"}],"wp:term":[{"taxonomy":"category","embeddable":true,"href":"https:\/\/samanoticiasdurango.com\/index.php\/wp-json\/wp\/v2\/categories?post=9185"},{"taxonomy":"post_tag","embeddable":true,"href":"https:\/\/samanoticiasdurango.com\/index.php\/wp-json\/wp\/v2\/tags?post=9185"}],"curies":[{"name":"wp","href":"https:\/\/api.w.org\/{rel}","templated":true}]}}