{"id":9188,"date":"2024-03-29T15:32:57","date_gmt":"2024-03-29T15:32:57","guid":{"rendered":"http:\/\/samanoticiasdurango.com\/?p=9188"},"modified":"2024-03-29T15:32:59","modified_gmt":"2024-03-29T15:32:59","slug":"migrantes-clavaran-una-cruz-en-la-frontera-de-mexico-ee-uu-durante-un-viacrucis","status":"publish","type":"post","link":"https:\/\/samanoticiasdurango.com\/index.php\/2024\/03\/29\/migrantes-clavaran-una-cruz-en-la-frontera-de-mexico-ee-uu-durante-un-viacrucis\/","title":{"rendered":"<a href=\"https:\/\/lopezdoriga.com\/nacional\/migrantes-clavaran-cruz-frontera-mexico-eeuu-viacrucis\/\">Migrantes clavar\u00e1n una cruz en la frontera de M\u00e9xico-EE.UU. durante un viacrucis<\/a>"},"content":{"rendered":"\n<p><strong>Migrantes varados<\/strong>&nbsp;en la frontera norte de M\u00e9xico har\u00e1n un&nbsp;<strong>viacrucis<\/strong>&nbsp;este&nbsp;<strong>Viernes Santo<\/strong>&nbsp;en el que clavar\u00e1n una&nbsp;<strong>cruz<\/strong>&nbsp;en el&nbsp;<strong>cerco de p\u00faas<\/strong>&nbsp;que coloc\u00f3 el&nbsp;<strong>Gobierno de Texas<\/strong>&nbsp;en el fronterizo&nbsp;<strong>r\u00edo Bravo<\/strong>, donde la barrera ha provocado lesiones y muertes a quienes intentan cruzar.<\/p>\n\n\n\n<p>Los extranjeros se reunir\u00e1n a las 10:00 h local frente al punto 36 de la frontera de&nbsp;<strong>Ciudad Ju\u00e1rez<\/strong>&nbsp;con&nbsp;<strong>El Paso<\/strong>, donde migrantes se concentran en espera de&nbsp;<a href=\"https:\/\/lopezdoriga.com\/lopez-doriga-tv\/migrantes-rechazan-oferta-de-110-dolares-y-piden-soluciones-mas-sustanciales-en-su-travesia-por-mexico\/\" target=\"_blank\" rel=\"noreferrer noopener\">cruzar a&nbsp;<strong>Estados Unidos<\/strong><\/a>.<\/p>\n\n\n\n<p>El recorrido iniciar\u00e1 en la \u00faltima avenida que los migrantes cruzan antes de llegar al r\u00edo, desde donde caminar\u00e1n en turnos con la cruz a cuestas hasta llegar al Bravo, frente a la puerta del muro.<\/p>\n\n\n\n<p><strong>Carlos Mayorga<\/strong>, coordinador del&nbsp;<strong>Colectivo \u00c1ngeles Mensajeros<\/strong>, dijo este jueves a EFE que la cruz representa las cargas que llevan en sus hombros estos viajeros.<\/p>\n\n\n\n<blockquote class=\"wp-block-quote is-layout-flow wp-block-quote-is-layout-flow\">\n<p>Los migrantes cargar\u00e1n esta cruz, que no es otra cosa m\u00e1s que la representaci\u00f3n del peso de las autoridades mexicanas y centroamericanas que han abusado de ellos durante el camino, el peso de la indiferencia del Gobierno de Estados Unidos, el peso de la apat\u00eda e inhumanidad del gobernador de Texas (<strong>Greg Abbott<\/strong>)\u201d, dijo.<\/p>\n<\/blockquote>\n\n\n\n<p>Agreg\u00f3 que levantar\u00e1n la cruz y la dejar\u00e1n ah\u00ed encajada en la barricada de alambres de p\u00faas que el gobernador Abbott coloc\u00f3 el a\u00f1o pasado y se niega a quitar pese a un fallo de la Suprema Corte de Estados Unidos.<\/p>\n\n\n\n<p>El Gobierno de M\u00e9xico ha denunciado que esto aumenta el riesgo de que migrantes se lastimen o mueran al cruzar, como ocurri\u00f3 el 14 de enero con una mujer mexicana y sus dos hijos que se ahogaron en&nbsp;<strong>Piedras Negras<\/strong>.<\/p>\n\n\n\n<p>\u201cAl momento de dejarle la cruz ah\u00ed frente a Estados Unidos queremos mandar un mensaje de misericordia para todas estas familias humildes que lo \u00fanico que buscan es paz\u201d, indic\u00f3 el activista.<\/p>\n\n\n\n<p>Mayorga dijo que ahora hay alrededor de 400 migrantes que arman lugares para dormir con cobijas para pernoctar junto al r\u00edo del lado estadounidense con la esperanza de cruzar la barrera.<\/p>\n\n\n\n<p>Agreg\u00f3 que no regresan al lado mexicano porque le temen a los agentes del&nbsp;<strong>Instituto Nacional de Migraci\u00f3n<\/strong>&nbsp;(<a href=\"https:\/\/www.gob.mx\/inm\" target=\"_blank\" rel=\"noreferrer noopener\"><strong>INM<\/strong><\/a>), quienes \u201clos han venido atormentando durante todo el camino como los verdugos lo hicieron con Jes\u00fas\u201d.<\/p>\n\n\n\n<p>La escena ocurrir\u00e1 en medio del flujo migratorio in\u00e9dito en la regi\u00f3n, donde M\u00e9xico report\u00f3 una subida de cerca del 77 por ciento en la migraci\u00f3n irregular en 2023, con m\u00e1s de 782 mil extranjeros indocumentados detectados.<\/p>\n\n\n\n<p>Adem\u00e1s, la&nbsp;<strong>Organizaci\u00f3n Internacional para las Migraciones<\/strong>&nbsp;(<strong>OIM<\/strong>) declar\u00f3 en septiembre pasado a la frontera entre M\u00e9xico y Estados Unidos como \u201cla ruta migratoria terrestre m\u00e1s peligrosa del mundo\u201d, con m\u00e1s de 686 migrantes fallecidos o desaparecidos en 2022.<\/p>\n\n\n\n<p><strong>Con informaci\u00f3n de EFE<\/strong><\/p>\n","protected":false},"excerpt":{"rendered":"<p>Migrantes varados&nbsp;en la frontera norte de M\u00e9xico har\u00e1n un&nbsp;viacrucis&nbsp;este&nbsp;Viernes Santo&nbsp;en el que clavar\u00e1n una&nbsp;cruz&nbsp;en el&nbsp;cerco<\/p>\n","protected":false},"author":1,"featured_media":9189,"comment_status":"open","ping_status":"open","sticky":false,"template":"","format":"standard","meta":{"om_disable_all_campaigns":false,"_monsterinsights_skip_tracking":false,"_monsterinsights_sitenote_active":false,"_monsterinsights_sitenote_note":"","_monsterinsights_sitenote_category":0,"_jetpack_memberships_contains_paid_content":false,"footnotes":"","jetpack_publicize_message":"","jetpack_publicize_feature_enabled":true,"jetpack_social_post_already_shared":false,"jetpack_social_options":{"image_generator_settings":{"template":"highway","enabled":false},"version":2}},"categories":[5],"tags":[],"class_list":["post-9188","post","type-post","status-publish","format-standard","has-post-thumbnail","hentry","category-nacional"],"jetpack_publicize_connections":[],"aioseo_notices":[],"jetpack_featured_media_url":"https:\/\/samanoticiasdurango.com\/wp-content\/uploads\/migrantes-viacrucis.webp","featured_image_urls":{"full":["https:\/\/samanoticiasdurango.com\/wp-content\/uploads\/migrantes-viacrucis.webp",1536,1024,false],"thumbnail":["https:\/\/samanoticiasdurango.com\/wp-content\/uploads\/migrantes-viacrucis-150x150.webp",150,150,true],"medium":["https:\/\/samanoticiasdurango.com\/wp-content\/uploads\/migrantes-viacrucis-300x200.webp",300,200,true],"medium_large":["https:\/\/samanoticiasdurango.com\/wp-content\/uploads\/migrantes-viacrucis-768x512.webp",640,427,true],"large":["https:\/\/samanoticiasdurango.com\/wp-content\/uploads\/migrantes-viacrucis-1024x683.webp",640,427,true],"1536x1536":["https:\/\/samanoticiasdurango.com\/wp-content\/uploads\/migrantes-viacrucis.webp",1536,1024,false],"2048x2048":["https:\/\/samanoticiasdurango.com\/wp-content\/uploads\/migrantes-viacrucis.webp",1536,1024,false],"chromenews-featured":["https:\/\/samanoticiasdurango.com\/wp-content\/uploads\/migrantes-viacrucis-1024x683.webp",1024,683,true],"chromenews-large":["https:\/\/samanoticiasdurango.com\/wp-content\/uploads\/migrantes-viacrucis-825x575.webp",825,575,true],"chromenews-medium":["https:\/\/samanoticiasdurango.com\/wp-content\/uploads\/migrantes-viacrucis-590x410.webp",590,410,true]},"author_info":{"display_name":"Redacci\u00f3n","author_link":"https:\/\/samanoticiasdurango.com\/index.php\/author\/jjsama13gmail-com\/"},"category_info":"<a href=\"https:\/\/samanoticiasdurango.com\/index.php\/category\/nacional\/\" rel=\"category tag\">NACIONAL<\/a>","tag_info":"NACIONAL","comment_count":"0","jetpack_sharing_enabled":true,"_links":{"self":[{"href":"https:\/\/samanoticiasdurango.com\/index.php\/wp-json\/wp\/v2\/posts\/9188","targetHints":{"allow":["GET"]}}],"collection":[{"href":"https:\/\/samanoticiasdurango.com\/index.php\/wp-json\/wp\/v2\/posts"}],"about":[{"href":"https:\/\/samanoticiasdurango.com\/index.php\/wp-json\/wp\/v2\/types\/post"}],"author":[{"embeddable":true,"href":"https:\/\/samanoticiasdurango.com\/index.php\/wp-json\/wp\/v2\/users\/1"}],"replies":[{"embeddable":true,"href":"https:\/\/samanoticiasdurango.com\/index.php\/wp-json\/wp\/v2\/comments?post=9188"}],"version-history":[{"count":1,"href":"https:\/\/samanoticiasdurango.com\/index.php\/wp-json\/wp\/v2\/posts\/9188\/revisions"}],"predecessor-version":[{"id":9190,"href":"https:\/\/samanoticiasdurango.com\/index.php\/wp-json\/wp\/v2\/posts\/9188\/revisions\/9190"}],"wp:featuredmedia":[{"embeddable":true,"href":"https:\/\/samanoticiasdurango.com\/index.php\/wp-json\/wp\/v2\/media\/9189"}],"wp:attachment":[{"href":"https:\/\/samanoticiasdurango.com\/index.php\/wp-json\/wp\/v2\/media?parent=9188"}],"wp:term":[{"taxonomy":"category","embeddable":true,"href":"https:\/\/samanoticiasdurango.com\/index.php\/wp-json\/wp\/v2\/categories?post=9188"},{"taxonomy":"post_tag","embeddable":true,"href":"https:\/\/samanoticiasdurango.com\/index.php\/wp-json\/wp\/v2\/tags?post=9188"}],"curies":[{"name":"wp","href":"https:\/\/api.w.org\/{rel}","templated":true}]}}