{"id":9302,"date":"2024-04-09T14:27:46","date_gmt":"2024-04-09T14:27:46","guid":{"rendered":"http:\/\/samanoticiasdurango.com\/?p=9302"},"modified":"2024-04-09T14:27:48","modified_gmt":"2024-04-09T14:27:48","slug":"quien-es-monica-rosa-irene-palencia-nunez-la-mexicana-que-apoyo-y-coordino-la-irrupcion-a-la-embajada-en-ecuador","status":"publish","type":"post","link":"https:\/\/samanoticiasdurango.com\/index.php\/2024\/04\/09\/quien-es-monica-rosa-irene-palencia-nunez-la-mexicana-que-apoyo-y-coordino-la-irrupcion-a-la-embajada-en-ecuador\/","title":{"rendered":"Qui\u00e9n es M\u00f3nica Rosa Irene Palencia N\u00fa\u00f1ez, la mexicana que apoy\u00f3 y coordin\u00f3 la irrupci\u00f3n a la Embajada en Ecuador"},"content":{"rendered":"\n<p>La noche del pasado 5 de abril de presente a\u00f1o, las autoridades ecuatorianas entraron a la fuerza a la&nbsp;<strong>Embajada de M\u00e9xico ubicada en Quito<\/strong>&nbsp;con el fin de aprehender a<strong>&nbsp;Jorge Glas<\/strong>, exvicepresidente del pa\u00eds centroamericano, llevando a diversos pa\u00edses, entre ellos el encabezado por Andr\u00e9s Manuel L\u00f3pez Obrador (<strong>AMLO<\/strong>), a condenar los hechos debido a que se consider\u00f3 esto como una violaci\u00f3n a la soberan\u00eda nacional. A d\u00edas de este suceso, ha trascendido que una mexicana fue quien estuvo detr\u00e1s de estos hechos.<\/p>\n\n\n\n<p>La persona que ha sido se\u00f1alada por ordenar la irrupci\u00f3n en la sede diplom\u00e1tica, donde fue agredido de manera f\u00edsica el encargado de la embajada,&nbsp;<a rel=\"noreferrer noopener\" href=\"https:\/\/www.infobae.com\/mexico\/2024\/04\/06\/este-es-el-grado-estudios-de-roberto-canseco-jefe-de-la-cancilleria-que-defendio-la-embajada-de-mexico-en-quito\/\" target=\"_blank\"><strong>Roberto Canseco<\/strong><\/a>, es<strong>&nbsp;M\u00f3nica Rosa Irene Palencia N\u00fa\u00f1ez<\/strong>, quien se sabe naci\u00f3 en el estado de&nbsp;<strong>Durango<\/strong>, al norte de M\u00e9xico, pero quien lleva varios a\u00f1os viviendo en el pa\u00eds actualmente gobernado por Daniel Noboa.<\/p>\n\n\n\n<p>De acuerdo con la informaci\u00f3n oficial, Palencia N\u00fa\u00f1ez fue<strong>&nbsp;nacionalizada como ecuatoriana&nbsp;<\/strong>en noviembre del 2023, a\u00f1o en el que Noboa asumi\u00f3 el cargo como mandatario federal tras la firma de un decreto en el cual se le otorg\u00f3 la nacionalidad a la abogada mexicana quien a la fecha se desempe\u00f1a como Ministra del Gobierno ecuatoriano y encargada del interior de Ecuador. Ella se dijo, fue quien orden\u00f3 el asalto a a sede diplom\u00e1tica y por ello, internautas han se\u00f1alado deber\u00e1 ser denunciada por traici\u00f3n.<\/p>\n\n\n\n<p><img loading=\"lazy\" decoding=\"async\" alt=\"La ministra de Gobierno de Ecuador naci\u00f3 en Durango y es se\u00f1alada por dar la orden para la irrupci\u00f3n de la sede diplom\u00e1tica \n Cr\u00e9dito:Ministerio de Gobierno\" height=\"533\" width=\"800\" class=\"\" src=\"https:\/\/www.infobae.com\/new-resizer\/QU6IRgi25yfe2gjamu-1OwiVquw=\/420x280\/filters:format(webp):quality(85)\/cloudfront-us-east-1.images.arcpublishing.com\/infobae\/Q2R4QV5GHVGENASNBKMMZZKG44.jpeg%20420w\" srcset=\"https:\/\/www.infobae.com\/new-resizer\/QU6IRgi25yfe2gjamu-1OwiVquw=\/420x280\/filters:format(webp):quality(85)\/cloudfront-us-east-1.images.arcpublishing.com\/infobae\/Q2R4QV5GHVGENASNBKMMZZKG44.jpeg 420w,https:\/\/www.infobae.com\/new-resizer\/7aZmPNHHnmpK5F7ddfjnl72vb_0=\/768x512\/filters:format(webp):quality(85)\/cloudfront-us-east-1.images.arcpublishing.com\/infobae\/Q2R4QV5GHVGENASNBKMMZZKG44.jpeg 768w,https:\/\/www.infobae.com\/new-resizer\/SdcGrm4CqGlKIMa-sDi6p5gsn5c=\/992x661\/filters:format(webp):quality(85)\/cloudfront-us-east-1.images.arcpublishing.com\/infobae\/Q2R4QV5GHVGENASNBKMMZZKG44.jpeg 992w,https:\/\/www.infobae.com\/new-resizer\/6HkUY_EI_pR7NIC9xnVYnCn4BIc=\/1200x800\/filters:format(webp):quality(85)\/cloudfront-us-east-1.images.arcpublishing.com\/infobae\/Q2R4QV5GHVGENASNBKMMZZKG44.jpeg 1200w,https:\/\/www.infobae.com\/new-resizer\/TgHLisnJJOYLKc9p8r8FebYYRP0=\/1440x960\/filters:format(webp):quality(85)\/cloudfront-us-east-1.images.arcpublishing.com\/infobae\/Q2R4QV5GHVGENASNBKMMZZKG44.jpeg 1440w\">La ministra de Gobierno de Ecuador naci\u00f3 en Durango y es se\u00f1alada por dar la orden para la irrupci\u00f3n de la sede diplom\u00e1tica Cr\u00e9dito:Ministerio de Gobierno<\/p>\n\n\n\n<h2 class=\"wp-block-heading\">Dej\u00f3 M\u00e9xico desde hace varios a\u00f1os<\/h2>\n\n\n\n<p>Informaci\u00f3n oficial apunta que la funcionaria ecuatoriana, quien adem\u00e1s no se sabe si renunci\u00f3 de manera oficial a su nacionalidad mexicana, radica en Ecuador desde hace 40 a\u00f1os. Por ello es que es en dicha naci\u00f3n donde ha desarrollado gran parte de su vida, tanto profesional como personal.<\/p>\n\n\n\n<p>El decreto mediante el cual se insiste en que ya fue naturalizada como ciudadana ecuatoriana dicta que:<\/p>\n\n\n\n<p>\u201cLa se\u00f1ora M\u00f3nica Rosa Irene Palencia N\u00fa\u00f1ez cumple con los requisitos contenidos en la Constituci\u00f3n de la Rep\u00fablica, la Ley Org\u00e1nica de Movilidad Humana, su Reglamento General y dem\u00e1s normativa vigente, demostrando su aporte significativo con sus conocimientos, virtudes y esfuerzos a la sociedad ecuatoriana en el \u00e1mbito social\u201d.<\/p>\n\n\n\n<p>La petici\u00f3n de naturalizaci\u00f3n de M\u00f3nica Rosa Irene Palencia Nu\u00f1ez se dio en el marco en el que&nbsp;<strong>Guillermo Lasso Mendoza<\/strong>&nbsp;se desempe\u00f1aba como presidente de Ecuador; sin embargo, fue tras el relevo presidencial que Noboa se encarg\u00f3 de signar el documento con el que figura como una ciudadana m\u00e1s y, por ende, la ha llevado a&nbsp;<strong>desempe\u00f1ar su cargo sin afectaciones.<\/strong><\/p>\n\n\n\n<p>Respecto a su grado de estudios, las autoridades ecuatorianas insisten en que cuenta con una especialidad en la&nbsp;<strong>carrera de Criminolog\u00eda y Ciencias Penales<\/strong>, la cual curs\u00f3 en la Universidad de Salamanca, campus ubicado en Toledo, Espa\u00f1a, al tiempo que tambi\u00e9n cuenta con una especialidad en Derecho Penal Econ\u00f3mico y Criminalidad por parte de la Universidad de Castilla \u2013 La Mancha, localizada tambi\u00e9n en la denominada Madre Patria.<\/p>\n\n\n\n<p><img loading=\"lazy\" decoding=\"async\" alt=\"La Embajada de M\u00e9xico en Ecuador fue tomada por la fuerza \n\nEFE\/ Jose Jacome\n\" height=\"3648\" width=\"5472\" class=\"\" src=\"https:\/\/www.infobae.com\/new-resizer\/ltGUIy0ryfQYK5OH-SWnettAhsc=\/420x280\/filters:format(webp):quality(85)\/cloudfront-us-east-1.images.arcpublishing.com\/infobae\/BPSEJECPIBAPZJ2C2ADLOWUXEI.jpg%20420w\" srcset=\"https:\/\/www.infobae.com\/new-resizer\/ltGUIy0ryfQYK5OH-SWnettAhsc=\/420x280\/filters:format(webp):quality(85)\/cloudfront-us-east-1.images.arcpublishing.com\/infobae\/BPSEJECPIBAPZJ2C2ADLOWUXEI.jpg 420w,https:\/\/www.infobae.com\/new-resizer\/mDpiDuSvoJcpEtjArFTHtPzkI4M=\/768x512\/filters:format(webp):quality(85)\/cloudfront-us-east-1.images.arcpublishing.com\/infobae\/BPSEJECPIBAPZJ2C2ADLOWUXEI.jpg 768w,https:\/\/www.infobae.com\/new-resizer\/vQX4lnHzl8YkgmFyTi2I0hcwgyo=\/992x661\/filters:format(webp):quality(85)\/cloudfront-us-east-1.images.arcpublishing.com\/infobae\/BPSEJECPIBAPZJ2C2ADLOWUXEI.jpg 992w,https:\/\/www.infobae.com\/new-resizer\/NeQnwhcNd6Kd3w5crwe8XMwYjes=\/1200x800\/filters:format(webp):quality(85)\/cloudfront-us-east-1.images.arcpublishing.com\/infobae\/BPSEJECPIBAPZJ2C2ADLOWUXEI.jpg 1200w,https:\/\/www.infobae.com\/new-resizer\/kso6s2DZLt0tCvsY7sz5lv3_RFI=\/1440x960\/filters:format(webp):quality(85)\/cloudfront-us-east-1.images.arcpublishing.com\/infobae\/BPSEJECPIBAPZJ2C2ADLOWUXEI.jpg 1440w\">La Embajada de M\u00e9xico en Ecuador fue tomada por la fuerza EFE\/ Jose Jacome<\/p>\n\n\n\n<p>Entre su formaci\u00f3n, la actual funcionaria mexicana, pero naturalizada ecuatoriana, ha presumido contar con un doctorado en Ciencias Jur\u00eddicas tras su paso por la Universidad de La Habana, en Cuba, al tiempo que en su curr\u00edculum presume una trayectoria de 30 a\u00f1os como investigadora dentro del centro educativo antes citado.<\/p>\n\n\n\n<p>La naturalizada ecuatoriana, ha presumido adem\u00e1s que desde el 2002 forma parte de la Comisi\u00f3n T\u00e9cnica de Investigaci\u00f3n de la Universidad Cat\u00f3lica Santiago de Guayaquil, suceos que la ha llevado a ser una de las m\u00e1s trascendentes dentro del pa\u00eds centoamericano.<\/p>\n\n\n\n<p>\u201cParticip\u00f3 en varios cursos y seminarios internacionales; tambi\u00e9n realiz\u00f3 varias ponencias en diferentes foros. Dentro de sus aportes acad\u00e9micos destacan nueve publicaciones; entre ellas: De la Criminolog\u00eda al Derecho Penal: Tras el Rastro del Delito II, en el a\u00f1o 2023 y Visi\u00f3n Contempor\u00e1nea del Derecho, en el a\u00f1o 2021\u2033, presume el Ministerio de Gobierno de Ecuador en su plataforma oficial.<\/p>\n\n\n\n<h2 class=\"wp-block-heading\">Acci\u00f3n genera comentarios<\/h2>\n\n\n\n<p>Desde que se dio a conocer que la funcionaria fue la responsable de la<a rel=\"noreferrer noopener\" href=\"https:\/\/www.infobae.com\/mexico\/2024\/04\/08\/alicia-barcena-respondio-a-la-postura-de-la-canciller-de-ecuador-no-hay-justificacion\/\" target=\"_blank\"><strong>&nbsp;irrupci\u00f3n de la sede diplom\u00e1tica<\/strong><\/a>, internautas de manera inmediata pidieron a las autoridades investigarla, al tiempo de aplicar sanciones para evitar que los hechos queden impunes.<\/p>\n\n\n\n<p>\u201cSe le tiene que juzgar por traici\u00f3n\u201d; \u201cPor algo se hizo ecuatoriana, como mexicana le quedaba muy grande el pa\u00eds; \u201cEl mejor ejemplo de: el peor enemigo de un mexicano es otro mexicano; \u201cJuicio por traici\u00f3n a la patria, \u00a1todo el peso de la ley!\u201d o \u201cQue lo quiten la nacionalidad mexicana, gentes as\u00ed no merecen la nacionalidad mexicana\u201d, fueron comentarios que recibi\u00f3.<\/p>\n\n\n\n<p><strong>Con informaci\u00f3n de INFOBAE<\/strong><\/p>\n","protected":false},"excerpt":{"rendered":"<p>La noche del pasado 5 de abril de presente a\u00f1o, las autoridades ecuatorianas entraron a<\/p>\n","protected":false},"author":1,"featured_media":9303,"comment_status":"open","ping_status":"open","sticky":false,"template":"","format":"standard","meta":{"om_disable_all_campaigns":false,"_monsterinsights_skip_tracking":false,"_monsterinsights_sitenote_active":false,"_monsterinsights_sitenote_note":"","_monsterinsights_sitenote_category":0,"_jetpack_memberships_contains_paid_content":false,"footnotes":"","jetpack_publicize_message":"","jetpack_publicize_feature_enabled":true,"jetpack_social_post_already_shared":false,"jetpack_social_options":{"image_generator_settings":{"template":"highway","enabled":false},"version":2}},"categories":[5],"tags":[],"class_list":["post-9302","post","type-post","status-publish","format-standard","has-post-thumbnail","hentry","category-nacional"],"jetpack_publicize_connections":[],"aioseo_notices":[],"jetpack_featured_media_url":"https:\/\/samanoticiasdurango.com\/wp-content\/uploads\/6-3.jpg","featured_image_urls":{"full":["https:\/\/samanoticiasdurango.com\/wp-content\/uploads\/6-3.jpg",600,335,false],"thumbnail":["https:\/\/samanoticiasdurango.com\/wp-content\/uploads\/6-3-150x150.jpg",150,150,true],"medium":["https:\/\/samanoticiasdurango.com\/wp-content\/uploads\/6-3-300x168.jpg",300,168,true],"medium_large":["https:\/\/samanoticiasdurango.com\/wp-content\/uploads\/6-3.jpg",600,335,false],"large":["https:\/\/samanoticiasdurango.com\/wp-content\/uploads\/6-3.jpg",600,335,false],"1536x1536":["https:\/\/samanoticiasdurango.com\/wp-content\/uploads\/6-3.jpg",600,335,false],"2048x2048":["https:\/\/samanoticiasdurango.com\/wp-content\/uploads\/6-3.jpg",600,335,false],"chromenews-featured":["https:\/\/samanoticiasdurango.com\/wp-content\/uploads\/6-3.jpg",600,335,false],"chromenews-large":["https:\/\/samanoticiasdurango.com\/wp-content\/uploads\/6-3.jpg",600,335,false],"chromenews-medium":["https:\/\/samanoticiasdurango.com\/wp-content\/uploads\/6-3-590x335.jpg",590,335,true]},"author_info":{"display_name":"Redacci\u00f3n","author_link":"https:\/\/samanoticiasdurango.com\/index.php\/author\/jjsama13gmail-com\/"},"category_info":"<a href=\"https:\/\/samanoticiasdurango.com\/index.php\/category\/nacional\/\" rel=\"category tag\">NACIONAL<\/a>","tag_info":"NACIONAL","comment_count":"0","jetpack_sharing_enabled":true,"_links":{"self":[{"href":"https:\/\/samanoticiasdurango.com\/index.php\/wp-json\/wp\/v2\/posts\/9302","targetHints":{"allow":["GET"]}}],"collection":[{"href":"https:\/\/samanoticiasdurango.com\/index.php\/wp-json\/wp\/v2\/posts"}],"about":[{"href":"https:\/\/samanoticiasdurango.com\/index.php\/wp-json\/wp\/v2\/types\/post"}],"author":[{"embeddable":true,"href":"https:\/\/samanoticiasdurango.com\/index.php\/wp-json\/wp\/v2\/users\/1"}],"replies":[{"embeddable":true,"href":"https:\/\/samanoticiasdurango.com\/index.php\/wp-json\/wp\/v2\/comments?post=9302"}],"version-history":[{"count":1,"href":"https:\/\/samanoticiasdurango.com\/index.php\/wp-json\/wp\/v2\/posts\/9302\/revisions"}],"predecessor-version":[{"id":9304,"href":"https:\/\/samanoticiasdurango.com\/index.php\/wp-json\/wp\/v2\/posts\/9302\/revisions\/9304"}],"wp:featuredmedia":[{"embeddable":true,"href":"https:\/\/samanoticiasdurango.com\/index.php\/wp-json\/wp\/v2\/media\/9303"}],"wp:attachment":[{"href":"https:\/\/samanoticiasdurango.com\/index.php\/wp-json\/wp\/v2\/media?parent=9302"}],"wp:term":[{"taxonomy":"category","embeddable":true,"href":"https:\/\/samanoticiasdurango.com\/index.php\/wp-json\/wp\/v2\/categories?post=9302"},{"taxonomy":"post_tag","embeddable":true,"href":"https:\/\/samanoticiasdurango.com\/index.php\/wp-json\/wp\/v2\/tags?post=9302"}],"curies":[{"name":"wp","href":"https:\/\/api.w.org\/{rel}","templated":true}]}}