{"id":931,"date":"2022-05-25T14:48:23","date_gmt":"2022-05-25T14:48:23","guid":{"rendered":"http:\/\/samanoticiasdurango.com\/?p=931"},"modified":"2022-05-25T14:48:27","modified_gmt":"2022-05-25T14:48:27","slug":"peritos-forenses-llegan-a-texas-para-identificar-a-victimas-de-tiroteo-en-primaria","status":"publish","type":"post","link":"https:\/\/samanoticiasdurango.com\/index.php\/2022\/05\/25\/peritos-forenses-llegan-a-texas-para-identificar-a-victimas-de-tiroteo-en-primaria\/","title":{"rendered":"Peritos forenses llegan a Texas para identificar a v\u00edctimas de tiroteo en primaria"},"content":{"rendered":"\n<p>Unidades m\u00f3viles de servicios periciales llegaron a la comunidad de&nbsp;<strong>Uvalde<\/strong>, en&nbsp;<strong>Texas<\/strong>, para identificar a las 21 v\u00edctimas de un&nbsp;<strong>tiroteo<\/strong>&nbsp;en la&nbsp;<strong>escuela primaria Robb Elementary<\/strong>.<\/p>\n\n\n\n<p>Este&nbsp;<a href=\"https:\/\/lopezdoriga.com\/internacional\/tiroteo-en-uvalde-texas-deja-al-menos-dos-muertos\/\" target=\"_blank\" rel=\"noreferrer noopener\">24 de mayo<\/a>&nbsp;<strong>Salvador Ramos<\/strong>, un joven de 18 a\u00f1os de edad, ingres\u00f3&nbsp;a la primaria y desat\u00f3 un&nbsp;<strong>tiroteo<\/strong>&nbsp;que dej\u00f3&nbsp;<strong>19 ni\u00f1os<\/strong>&nbsp;y una&nbsp;<strong>maestra<\/strong>&nbsp;<strong>muerta<\/strong>.<\/p>\n\n\n\n<p>Previo a perpetrar la masacre, a\u00fan en su casa, dispar\u00f3 contra su&nbsp;<strong>abuela<\/strong>&nbsp;quien se encuentra&nbsp;<strong>hospitalizada<\/strong>.<\/p>\n\n\n\n<p>Ramos fue hallado&nbsp;<strong>muerto<\/strong>&nbsp;en la escena del crimen, sin esclarecerse a\u00fan si fue abatido por las autoridades o se suicid\u00f3.<\/p>\n\n\n\n<p>La maestra muerta en el tiroteo fue identificada como&nbsp;<strong>Eva Mireles<\/strong>, quien ense\u00f1aba a ni\u00f1os de cuarto grado.<\/p>\n\n\n\n<p>La&nbsp;<a href=\"https:\/\/www.ucisd.net\/Domain\/1365\" target=\"_blank\" rel=\"noreferrer noopener\">biograf\u00eda<\/a>&nbsp;de Mireles en la p\u00e1gina de la escuela primaria la describe como una educadora con 17 a\u00f1os de trayectoria profesional.<\/p>\n\n\n\n<p>Estaba casada con un oficial de polic\u00eda, ten\u00eda una hija y tres mascotas.<\/p>\n\n\n\n<blockquote class=\"wp-block-quote is-layout-flow wp-block-quote-is-layout-flow\"><p>Me encanta correr, hacer senderismo, \u00a1y ahora es posible que me veas andar en bicicleta!\u201d, escribi\u00f3 en su perfil.<\/p><\/blockquote>\n\n\n\n<p>En cuanto a los menores muertos se ha identificado a dos.<\/p>\n\n\n\n<p><strong>Amerie Jo Garza<\/strong>, de 10 a\u00f1os de edad, muri\u00f3 tras recibir un reconocimiento por tener las calificaciones m\u00e1s altas de su clase al terminar el cuarto grado.<\/p>\n\n\n\n<p>Su padre public\u00f3 en redes sociales varias fotograf\u00edas junto a Amerie Jo de su \u00faltimo fin de semana juntos.<\/p>\n\n\n\n<blockquote class=\"wp-block-quote is-layout-flow wp-block-quote-is-layout-flow\"><p>Te voy a extra\u00f1ar mucho, Amerie. No te merec\u00edas esto, no los otros ni\u00f1os. Har\u00eda cualquier cosa para tenerte de vuelta. Vis\u00edtame en mis sue\u00f1os en cualquier momento\u201d, comparti\u00f3.<\/p><\/blockquote>\n\n\n\n<p>https:\/\/www.facebook.com\/plugins\/post.php?href=https%3A%2F%2Fwww.facebook.com%2Falfred.garzaiii%2Fposts%2F10158696700748017&#038;show_text=true&#038;width=500<\/p>\n\n\n\n<p><strong>Xavier L\u00f3pez<\/strong>, tambi\u00e9n de cuarto grado, fue otro de los ni\u00f1os v\u00edctimas.<\/p>\n\n\n\n<p>Ten\u00eda diez a\u00f1os y era de origen salvadore\u00f1o. Apenas unas horas antes estuvo con su madre en una ceremonia de reconocimientos.<\/p>\n\n\n\n<p>Con informaci\u00f3n de KSAT<\/p>\n","protected":false},"excerpt":{"rendered":"<p>Unidades m\u00f3viles de servicios periciales llegaron a la comunidad de&nbsp;Uvalde, en&nbsp;Texas, para identificar a las<\/p>\n","protected":false},"author":1,"featured_media":932,"comment_status":"open","ping_status":"open","sticky":false,"template":"","format":"standard","meta":{"om_disable_all_campaigns":false,"_monsterinsights_skip_tracking":false,"_monsterinsights_sitenote_active":false,"_monsterinsights_sitenote_note":"","_monsterinsights_sitenote_category":0,"_jetpack_memberships_contains_paid_content":false,"footnotes":"","jetpack_publicize_message":"","jetpack_publicize_feature_enabled":true,"jetpack_social_post_already_shared":false,"jetpack_social_options":{"image_generator_settings":{"template":"highway","enabled":false},"version":2}},"categories":[6],"tags":[],"class_list":["post-931","post","type-post","status-publish","format-standard","has-post-thumbnail","hentry","category-internacional"],"jetpack_publicize_connections":[],"aioseo_notices":[],"jetpack_featured_media_url":"https:\/\/samanoticiasdurango.com\/wp-content\/uploads\/2022\/05\/f768x1-266993_267120_3.webp","featured_image_urls":{"full":["https:\/\/samanoticiasdurango.com\/wp-content\/uploads\/2022\/05\/f768x1-266993_267120_3.webp",768,460,false],"thumbnail":["https:\/\/samanoticiasdurango.com\/wp-content\/uploads\/2022\/05\/f768x1-266993_267120_3-150x150.webp",150,150,true],"medium":["https:\/\/samanoticiasdurango.com\/wp-content\/uploads\/2022\/05\/f768x1-266993_267120_3-300x180.webp",300,180,true],"medium_large":["https:\/\/samanoticiasdurango.com\/wp-content\/uploads\/2022\/05\/f768x1-266993_267120_3.webp",640,383,false],"large":["https:\/\/samanoticiasdurango.com\/wp-content\/uploads\/2022\/05\/f768x1-266993_267120_3.webp",640,383,false],"1536x1536":["https:\/\/samanoticiasdurango.com\/wp-content\/uploads\/2022\/05\/f768x1-266993_267120_3.webp",768,460,false],"2048x2048":["https:\/\/samanoticiasdurango.com\/wp-content\/uploads\/2022\/05\/f768x1-266993_267120_3.webp",768,460,false],"chromenews-featured":["https:\/\/samanoticiasdurango.com\/wp-content\/uploads\/2022\/05\/f768x1-266993_267120_3.webp",768,460,false],"chromenews-large":["https:\/\/samanoticiasdurango.com\/wp-content\/uploads\/2022\/05\/f768x1-266993_267120_3.webp",768,460,false],"chromenews-medium":["https:\/\/samanoticiasdurango.com\/wp-content\/uploads\/2022\/05\/f768x1-266993_267120_3-590x410.webp",590,410,true]},"author_info":{"display_name":"Redacci\u00f3n","author_link":"https:\/\/samanoticiasdurango.com\/index.php\/author\/jjsama13gmail-com\/"},"category_info":"<a href=\"https:\/\/samanoticiasdurango.com\/index.php\/category\/internacional\/\" rel=\"category tag\">INTERNACIONAL<\/a>","tag_info":"INTERNACIONAL","comment_count":"0","jetpack_sharing_enabled":true,"_links":{"self":[{"href":"https:\/\/samanoticiasdurango.com\/index.php\/wp-json\/wp\/v2\/posts\/931","targetHints":{"allow":["GET"]}}],"collection":[{"href":"https:\/\/samanoticiasdurango.com\/index.php\/wp-json\/wp\/v2\/posts"}],"about":[{"href":"https:\/\/samanoticiasdurango.com\/index.php\/wp-json\/wp\/v2\/types\/post"}],"author":[{"embeddable":true,"href":"https:\/\/samanoticiasdurango.com\/index.php\/wp-json\/wp\/v2\/users\/1"}],"replies":[{"embeddable":true,"href":"https:\/\/samanoticiasdurango.com\/index.php\/wp-json\/wp\/v2\/comments?post=931"}],"version-history":[{"count":1,"href":"https:\/\/samanoticiasdurango.com\/index.php\/wp-json\/wp\/v2\/posts\/931\/revisions"}],"predecessor-version":[{"id":933,"href":"https:\/\/samanoticiasdurango.com\/index.php\/wp-json\/wp\/v2\/posts\/931\/revisions\/933"}],"wp:featuredmedia":[{"embeddable":true,"href":"https:\/\/samanoticiasdurango.com\/index.php\/wp-json\/wp\/v2\/media\/932"}],"wp:attachment":[{"href":"https:\/\/samanoticiasdurango.com\/index.php\/wp-json\/wp\/v2\/media?parent=931"}],"wp:term":[{"taxonomy":"category","embeddable":true,"href":"https:\/\/samanoticiasdurango.com\/index.php\/wp-json\/wp\/v2\/categories?post=931"},{"taxonomy":"post_tag","embeddable":true,"href":"https:\/\/samanoticiasdurango.com\/index.php\/wp-json\/wp\/v2\/tags?post=931"}],"curies":[{"name":"wp","href":"https:\/\/api.w.org\/{rel}","templated":true}]}}