{"id":9325,"date":"2024-04-10T14:07:53","date_gmt":"2024-04-10T14:07:53","guid":{"rendered":"http:\/\/samanoticiasdurango.com\/?p=9325"},"modified":"2024-04-10T14:07:53","modified_gmt":"2024-04-10T14:07:53","slug":"papa-francisco-lamenta-la-guerra-esta-en-todas-partes","status":"publish","type":"post","link":"https:\/\/samanoticiasdurango.com\/index.php\/2024\/04\/10\/papa-francisco-lamenta-la-guerra-esta-en-todas-partes\/","title":{"rendered":"<a href=\"https:\/\/lopezdoriga.com\/internacional\/papa-francisco-lamenta-guerra-todas-partes\/\">Papa Francisco lamenta: \u201cla guerra est\u00e1 en todas partes\u201d<\/a>"},"content":{"rendered":"\n<p>El\u00a0<strong>papa Francisco<\/strong>\u00a0lament\u00f3 este mi\u00e9rcoles \u201cque la\u00a0<strong><a href=\"https:\/\/lopezdoriga.com\/internacional\/papa-francisco-denuncia-locura-guerra-mata-muchos-jovenes\/\" target=\"_blank\" rel=\"noreferrer noopener\">guerra<\/a>\u00a0est\u00e1 en todas partes<\/strong>\u201d al recordar los conflictos en\u00a0<strong>Ucrania<\/strong>\u00a0y\u00a0<strong>Gaza<\/strong>, pero tambi\u00e9n crisis como las de\u00a0<strong>Myanmar<\/strong>, durante la\u00a0<a href=\"https:\/\/www.vatican.va\/content\/francesco\/es\/events\/event.dir.html\/content\/vaticanevents\/es\/2024\/4\/10\/udienza-generale.html\" target=\"_blank\" rel=\"noreferrer noopener\">audiencia general<\/a>\u00a0celebrada en la plaza de San Pedro.<\/p>\n\n\n\n<p>\u201cMi pensamiento va a la martirizara Ucrania y a Palestina e Israel. Que el Se\u00f1or nos d\u00e9 la paz\u201d, fue el llamamiento del papa al final de la audiencia.<\/p>\n\n\n\n<blockquote class=\"wp-block-quote is-layout-flow wp-block-quote-is-layout-flow\">\n<p>Y entonces a\u00f1adi\u00f3: \u201cLa guerra est\u00e1 en todas partes, no olvidemos Myanmar y pidamos al Se\u00f1or la paz.\u201d<\/p>\n<\/blockquote>\n\n\n\n<p>\u201cNo olvidemos a estos hermanos y hermanas nuestros que sufren tanto en estos lugares de guerra. Recemos siempre, recemos siempre juntos por la paz\u201d, subray\u00f3 el pont\u00edfice.<\/p>\n\n\n\n<p>En la audiencia del pasado mi\u00e9rcoles, el papa Francisco pidi\u00f3 un<strong>&nbsp;minuto de silencio<\/strong>&nbsp;por todos los soldados j\u00f3venes muertos \u201cen la locura de la guerra\u201d y record\u00f3 especialmente a Oleksandre, un combatiente ucraniano de 23 a\u00f1os asesinado en Donetsk (Ucrania, este).<\/p>\n\n\n\n<p>Francisco tambi\u00e9n se refiri\u00f3 el pasado mi\u00e9recoles a la situaci\u00f3n en la Franja de Gaza y renov\u00f3 su llamamiento para \u201cun inmediato alto el fuego\u201d, mientras que en la catequesis asegur\u00f3 que \u201csin justicia no hay paz\u201d y \u201cse generan conflictos\u201d pues \u201cse consagra la ley del fuerte sobre el d\u00e9bil\u201d, lo que \u201cno es justo\u201d.<\/p>\n\n\n\n<p>El papa apareci\u00f3 en buena forma, llego saludando a los miles de fieles presentes en la plaza de San Pedro desde el papam\u00f3vil.<\/p>\n\n\n\n<p><strong>Con informaci\u00f3n de EFE<\/strong><\/p>\n","protected":false},"excerpt":{"rendered":"<p>El\u00a0papa Francisco\u00a0lament\u00f3 este mi\u00e9rcoles \u201cque la\u00a0guerra\u00a0est\u00e1 en todas partes\u201d al recordar los conflictos en\u00a0Ucrania\u00a0y\u00a0Gaza, pero<\/p>\n","protected":false},"author":1,"featured_media":9326,"comment_status":"open","ping_status":"open","sticky":false,"template":"","format":"standard","meta":{"om_disable_all_campaigns":false,"_monsterinsights_skip_tracking":false,"_monsterinsights_sitenote_active":false,"_monsterinsights_sitenote_note":"","_monsterinsights_sitenote_category":0,"_jetpack_memberships_contains_paid_content":false,"footnotes":"","jetpack_publicize_message":"","jetpack_publicize_feature_enabled":true,"jetpack_social_post_already_shared":false,"jetpack_social_options":{"image_generator_settings":{"template":"highway","enabled":false},"version":2}},"categories":[6],"tags":[],"class_list":["post-9325","post","type-post","status-publish","format-standard","has-post-thumbnail","hentry","category-internacional"],"jetpack_publicize_connections":[],"aioseo_notices":[],"jetpack_featured_media_url":"https:\/\/samanoticiasdurango.com\/wp-content\/uploads\/4-1.jpg","featured_image_urls":{"full":["https:\/\/samanoticiasdurango.com\/wp-content\/uploads\/4-1.jpg",600,335,false],"thumbnail":["https:\/\/samanoticiasdurango.com\/wp-content\/uploads\/4-1-150x150.jpg",150,150,true],"medium":["https:\/\/samanoticiasdurango.com\/wp-content\/uploads\/4-1-300x168.jpg",300,168,true],"medium_large":["https:\/\/samanoticiasdurango.com\/wp-content\/uploads\/4-1.jpg",600,335,false],"large":["https:\/\/samanoticiasdurango.com\/wp-content\/uploads\/4-1.jpg",600,335,false],"1536x1536":["https:\/\/samanoticiasdurango.com\/wp-content\/uploads\/4-1.jpg",600,335,false],"2048x2048":["https:\/\/samanoticiasdurango.com\/wp-content\/uploads\/4-1.jpg",600,335,false],"chromenews-featured":["https:\/\/samanoticiasdurango.com\/wp-content\/uploads\/4-1.jpg",600,335,false],"chromenews-large":["https:\/\/samanoticiasdurango.com\/wp-content\/uploads\/4-1.jpg",600,335,false],"chromenews-medium":["https:\/\/samanoticiasdurango.com\/wp-content\/uploads\/4-1-590x335.jpg",590,335,true]},"author_info":{"display_name":"Redacci\u00f3n","author_link":"https:\/\/samanoticiasdurango.com\/index.php\/author\/jjsama13gmail-com\/"},"category_info":"<a href=\"https:\/\/samanoticiasdurango.com\/index.php\/category\/internacional\/\" rel=\"category tag\">INTERNACIONAL<\/a>","tag_info":"INTERNACIONAL","comment_count":"0","jetpack_sharing_enabled":true,"_links":{"self":[{"href":"https:\/\/samanoticiasdurango.com\/index.php\/wp-json\/wp\/v2\/posts\/9325","targetHints":{"allow":["GET"]}}],"collection":[{"href":"https:\/\/samanoticiasdurango.com\/index.php\/wp-json\/wp\/v2\/posts"}],"about":[{"href":"https:\/\/samanoticiasdurango.com\/index.php\/wp-json\/wp\/v2\/types\/post"}],"author":[{"embeddable":true,"href":"https:\/\/samanoticiasdurango.com\/index.php\/wp-json\/wp\/v2\/users\/1"}],"replies":[{"embeddable":true,"href":"https:\/\/samanoticiasdurango.com\/index.php\/wp-json\/wp\/v2\/comments?post=9325"}],"version-history":[{"count":1,"href":"https:\/\/samanoticiasdurango.com\/index.php\/wp-json\/wp\/v2\/posts\/9325\/revisions"}],"predecessor-version":[{"id":9327,"href":"https:\/\/samanoticiasdurango.com\/index.php\/wp-json\/wp\/v2\/posts\/9325\/revisions\/9327"}],"wp:featuredmedia":[{"embeddable":true,"href":"https:\/\/samanoticiasdurango.com\/index.php\/wp-json\/wp\/v2\/media\/9326"}],"wp:attachment":[{"href":"https:\/\/samanoticiasdurango.com\/index.php\/wp-json\/wp\/v2\/media?parent=9325"}],"wp:term":[{"taxonomy":"category","embeddable":true,"href":"https:\/\/samanoticiasdurango.com\/index.php\/wp-json\/wp\/v2\/categories?post=9325"},{"taxonomy":"post_tag","embeddable":true,"href":"https:\/\/samanoticiasdurango.com\/index.php\/wp-json\/wp\/v2\/tags?post=9325"}],"curies":[{"name":"wp","href":"https:\/\/api.w.org\/{rel}","templated":true}]}}