{"id":9424,"date":"2024-04-19T14:31:59","date_gmt":"2024-04-19T14:31:59","guid":{"rendered":"http:\/\/samanoticiasdurango.com\/?p=9424"},"modified":"2024-04-19T14:32:01","modified_gmt":"2024-04-19T14:32:01","slug":"mienten-conservadores-no-vamos-a-perjudicar-a-trabajadores-con-reforma-a-las-pensiones-amlo","status":"publish","type":"post","link":"https:\/\/samanoticiasdurango.com\/index.php\/2024\/04\/19\/mienten-conservadores-no-vamos-a-perjudicar-a-trabajadores-con-reforma-a-las-pensiones-amlo\/","title":{"rendered":"<a href=\"https:\/\/lopezdoriga.com\/nacional\/mienten-conservadores-no-vamos-perjudicar-trabajadores-reforma-pensiones-amlo\/\">Mienten conservadores, no vamos a perjudicar a trabajadores con reforma a las pensiones: AMLO<\/a>"},"content":{"rendered":"\n<p>El presidente&nbsp;<a href=\"https:\/\/twitter.com\/lopezobrador_\" target=\"_blank\" rel=\"noreferrer noopener\"><strong>Andr\u00e9s Manuel<\/strong><\/a><strong>&nbsp;L\u00f3pez Obrador<\/strong>&nbsp;dej\u00f3 en claro que su Gobierno&nbsp;<a href=\"https:\/\/lopezdoriga.com\/economia-y-finanzas\/propuesta-de-fondo-de-pensiones-es-mentirosa-mario-di-costanzo\/\" target=\"_blank\" rel=\"noreferrer noopener\"><strong>no perjudicar\u00e1<\/strong><\/a>&nbsp;a los&nbsp;<strong>trabajadores<\/strong>&nbsp;con la&nbsp;<strong>reforma<\/strong>&nbsp;a las&nbsp;<strong>pensiones<\/strong>, que actualmente est\u00e1 en discusi\u00f3n en la&nbsp;<strong>C\u00e1mara de Diputados<\/strong>.<\/p>\n\n\n\n<p>En la conferencia matutina de Palacio Nacional, L\u00f3pez Obrador critic\u00f3 a&nbsp;<strong>medios de comunicaci\u00f3n y periodistas<\/strong>&nbsp;por \u201cser&nbsp;<strong>mentirosos<\/strong>\u201d sobre esta reforma que pretende su Gobierno.<\/p>\n\n\n\n<blockquote class=\"wp-block-quote is-layout-flow wp-block-quote-is-layout-flow\">\n<p>Vamos a informar sobre las Afores, para que quede lo suficientemente claro, a\u00fan cuando con todo respeto son muy mentirosos los del bloque conservador y no van a dejar de estar diciendo que nos vamos a robar las Afores, declar\u00f3<\/p>\n<\/blockquote>\n\n\n\n<p>\u201cO nos robamos las Afores, o vamos a expropiarlas, o a confiscarlas, nade eso, nada de eso, al contrario, esta reforma es para beneficiar a los trabajadores no para perjudicarlos, no estamos aqu\u00ed nosotros para perjudicar a los trabajadores, estamos aqu\u00ed para beneficiar a los trabajadores, as\u00ed de claro\u201d, declar\u00f3.<\/p>\n\n\n\n<blockquote class=\"wp-block-quote is-layout-flow wp-block-quote-is-layout-flow\">\n<p>El mandatario mexicano recalc\u00f3 que \u201clos que roban son otros, no est\u00e1n aqu\u00ed (en el Gobierno de la 4T)\u201d, no somos nosotros, para que empecemos a respetarnos, no somos iguales\u201d<\/p>\n<\/blockquote>\n\n\n\n<p>\u201cSi no se corrige lo que hicieron mal y de manera injusta los anteriores Gobiernos, entonces les ir\u00eda muy mal a quienes se pensionaran en el futuro, por eso les vamos a explicar bien. Hay t\u00e9rminos que se deben de aclarar\u201d, extern\u00f3.<\/p>\n\n\n\n<p>\u201cVa a tener siempre el derecho, siempre, a reclamarlo, no pierde el derecho, esa es la clave de todo, por eso nadie ser puede robar la pensi\u00f3n, porque queda a salvo el derecho del trabajador, para que en cualquier circunstancia reclama su dinero, nada m\u00e1s que ese dinero que no se reclama, por ley, lo debe de cuidar el IMSS y no las Afores, que deben de entregar ese dinero no reclamado al Seguro Social, para que sea el custodio y el que garantice que si el trabajador reclama esa pensi\u00f3n s le entregue\u201d, indic\u00f3.<\/p>\n\n\n\n<p>\u201c\u00bfQu\u00e9 es lo que estamos notando? Porque est\u00e1n ense\u00f1ando el cobre, pues que no quieren entregar la IMSS esas pensiones no reclamadas, y las est\u00e1n administrando ellos, eso es todo\u201d, reclam\u00f3.<\/p>\n\n\n\n<p>Las declaraciones del presidente L\u00f3pez Obrador ocurren en medio de la discusi\u00f3n de una propuesta en la C\u00e1mara de Diputados plantea la creaci\u00f3n de un<strong>&nbsp;fondo de pensiones<\/strong>&nbsp;que recibir\u00eda, de inicio, 40 mil millones de pesos de cuentas inactivas en las administradoras de fondos para el retiro (<strong>Afores<\/strong>).<\/p>\n\n\n\n<p>La finalidad de esta propuesta es otorgar una tasa de reemplazo del 100 por ciento a los mexicanos que entraron a la formalidad a partir de 1997 al momento de jubilarse, con tope de 17 mil pesos mensuales, a propuesta del presidente de M\u00e9xico.<\/p>\n\n\n\n<p>Desde hace 30 a\u00f1os, M\u00e9xico cuenta con un modelo de ahorro individual, como en Bolivia, Chile, El Salvador y Rep\u00fablica Dominicana en Latinoam\u00e9rica.<\/p>\n\n\n\n<p>Aunque M\u00e9xico tiene como requisito para la jubilaci\u00f3n los 65 a\u00f1os, similar a la media de la Organizaci\u00f3n para la Cooperaci\u00f3n y el Desarrollo Econ\u00f3micos (<strong>OCDE<\/strong>), un reporte de Novaster indica que M\u00e9xico se ubica con una tasa de reemplazo del 15 por ciento frente a una media del 18.4 % de la OCDE.<\/p>\n\n\n\n<p>En este contexto, el subsecretario de&nbsp;<strong>Hacienda, Gabriel Yorio<\/strong>, asegur\u00f3 que solo se tomar\u00e1n recursos de cuentas inactivas, lo que significa que \u201cde ninguna manera se tomar\u00e1n recursos de los trabajadores\u201d.<\/p>\n\n\n\n<p>\u201cEl presidente ha dejado claro que no se van a tomar recursos de las pensiones, nunca ha sido ese el esp\u00edritu\u201d, dijo.<\/p>\n\n\n\n<p><strong>Con informaci\u00f3n de L\u00f3pez-D\u00f3riga Digital<\/strong><\/p>\n","protected":false},"excerpt":{"rendered":"<p>El presidente&nbsp;Andr\u00e9s Manuel&nbsp;L\u00f3pez Obrador&nbsp;dej\u00f3 en claro que su Gobierno&nbsp;no perjudicar\u00e1&nbsp;a los&nbsp;trabajadores&nbsp;con la&nbsp;reforma&nbsp;a las&nbsp;pensiones, que actualmente<\/p>\n","protected":false},"author":1,"featured_media":9427,"comment_status":"open","ping_status":"open","sticky":false,"template":"","format":"standard","meta":{"om_disable_all_campaigns":false,"_monsterinsights_skip_tracking":false,"_monsterinsights_sitenote_active":false,"_monsterinsights_sitenote_note":"","_monsterinsights_sitenote_category":0,"_jetpack_memberships_contains_paid_content":false,"footnotes":"","jetpack_publicize_message":"","jetpack_publicize_feature_enabled":true,"jetpack_social_post_already_shared":false,"jetpack_social_options":{"image_generator_settings":{"template":"highway","enabled":false},"version":2}},"categories":[5],"tags":[],"class_list":["post-9424","post","type-post","status-publish","format-standard","has-post-thumbnail","hentry","category-nacional"],"jetpack_publicize_connections":[],"aioseo_notices":[],"jetpack_featured_media_url":"https:\/\/samanoticiasdurango.com\/wp-content\/uploads\/AFORES.jpg","featured_image_urls":{"full":["https:\/\/samanoticiasdurango.com\/wp-content\/uploads\/AFORES.jpg",680,383,false],"thumbnail":["https:\/\/samanoticiasdurango.com\/wp-content\/uploads\/AFORES-150x150.jpg",150,150,true],"medium":["https:\/\/samanoticiasdurango.com\/wp-content\/uploads\/AFORES-300x169.jpg",300,169,true],"medium_large":["https:\/\/samanoticiasdurango.com\/wp-content\/uploads\/AFORES.jpg",640,360,false],"large":["https:\/\/samanoticiasdurango.com\/wp-content\/uploads\/AFORES.jpg",640,360,false],"1536x1536":["https:\/\/samanoticiasdurango.com\/wp-content\/uploads\/AFORES.jpg",680,383,false],"2048x2048":["https:\/\/samanoticiasdurango.com\/wp-content\/uploads\/AFORES.jpg",680,383,false],"chromenews-featured":["https:\/\/samanoticiasdurango.com\/wp-content\/uploads\/AFORES.jpg",680,383,false],"chromenews-large":["https:\/\/samanoticiasdurango.com\/wp-content\/uploads\/AFORES.jpg",680,383,false],"chromenews-medium":["https:\/\/samanoticiasdurango.com\/wp-content\/uploads\/AFORES-590x383.jpg",590,383,true]},"author_info":{"display_name":"Redacci\u00f3n","author_link":"https:\/\/samanoticiasdurango.com\/index.php\/author\/jjsama13gmail-com\/"},"category_info":"<a href=\"https:\/\/samanoticiasdurango.com\/index.php\/category\/nacional\/\" rel=\"category tag\">NACIONAL<\/a>","tag_info":"NACIONAL","comment_count":"0","jetpack_sharing_enabled":true,"_links":{"self":[{"href":"https:\/\/samanoticiasdurango.com\/index.php\/wp-json\/wp\/v2\/posts\/9424","targetHints":{"allow":["GET"]}}],"collection":[{"href":"https:\/\/samanoticiasdurango.com\/index.php\/wp-json\/wp\/v2\/posts"}],"about":[{"href":"https:\/\/samanoticiasdurango.com\/index.php\/wp-json\/wp\/v2\/types\/post"}],"author":[{"embeddable":true,"href":"https:\/\/samanoticiasdurango.com\/index.php\/wp-json\/wp\/v2\/users\/1"}],"replies":[{"embeddable":true,"href":"https:\/\/samanoticiasdurango.com\/index.php\/wp-json\/wp\/v2\/comments?post=9424"}],"version-history":[{"count":1,"href":"https:\/\/samanoticiasdurango.com\/index.php\/wp-json\/wp\/v2\/posts\/9424\/revisions"}],"predecessor-version":[{"id":9428,"href":"https:\/\/samanoticiasdurango.com\/index.php\/wp-json\/wp\/v2\/posts\/9424\/revisions\/9428"}],"wp:featuredmedia":[{"embeddable":true,"href":"https:\/\/samanoticiasdurango.com\/index.php\/wp-json\/wp\/v2\/media\/9427"}],"wp:attachment":[{"href":"https:\/\/samanoticiasdurango.com\/index.php\/wp-json\/wp\/v2\/media?parent=9424"}],"wp:term":[{"taxonomy":"category","embeddable":true,"href":"https:\/\/samanoticiasdurango.com\/index.php\/wp-json\/wp\/v2\/categories?post=9424"},{"taxonomy":"post_tag","embeddable":true,"href":"https:\/\/samanoticiasdurango.com\/index.php\/wp-json\/wp\/v2\/tags?post=9424"}],"curies":[{"name":"wp","href":"https:\/\/api.w.org\/{rel}","templated":true}]}}