{"id":9448,"date":"2024-04-21T17:13:41","date_gmt":"2024-04-21T17:13:41","guid":{"rendered":"http:\/\/samanoticiasdurango.com\/?p=9448"},"modified":"2024-04-21T17:13:42","modified_gmt":"2024-04-21T17:13:42","slug":"policia-acuatica-de-mazatlan-rescata-a-familia-de-turistas-atrapada-por-mar-de-fondo-en-playa-sabalos","status":"publish","type":"post","link":"https:\/\/samanoticiasdurango.com\/index.php\/2024\/04\/21\/policia-acuatica-de-mazatlan-rescata-a-familia-de-turistas-atrapada-por-mar-de-fondo-en-playa-sabalos\/","title":{"rendered":"Polic\u00eda Acu\u00e1tica de Mazatl\u00e1n rescata a familia de turistas atrapada por Mar de Fondo en Playa S\u00e1balos"},"content":{"rendered":"\n<p><strong>Culiac\u00e1n, Sin.<\/strong>&nbsp;21 de Abril.- Elementos del cuerpo de la&nbsp;<strong>Polic\u00eda Acu\u00e1tica<\/strong>&nbsp;de Mazatl\u00e1n lograron rescatar a tres miembros de una familia de turistas nacionales que fueron sorprendidos en la zona de la Playa S\u00e1balos por el fen\u00f3meno de&nbsp;<a href=\"https:\/\/www.eluniversal.com.mx\/estados\/alertan-sobre-mar-de-fondo-en-mazatlan-preven-olas-de-mas-de-3-metros-de-altura\/\" target=\"_blank\" rel=\"noreferrer noopener\"><strong>Mar de Fondo<\/strong><\/a>, los cuales no requirieron de asistencia m\u00e9dica.<\/p>\n\n\n\n<p>Seg\u00fan la informaci\u00f3n los menores Nicole \u201cN\u201d, de 13 a\u00f1os de edad y su hermano Patricio \u201cN\u201d, de 10 a\u00f1os, ingresaron al mar para ba\u00f1arse, pero en forma sorpresiva estos fueron jalados por una fuerte corriente y pese a sus esfuerzos por regresar a tierra, no lograban avanzar por lo que pidieron ayuda.<\/p>\n\n\n\n<p>El padre de los menores, originarios de Torre\u00f3n Coahuila, al percatarse de la situaci\u00f3n acudi\u00f3 en su ayuda, sin embargo, el oleaje y las corrientes le impidi\u00f3 sacarlos, por lo que estos pidieron auxilio a los cuerpos de socorro que se ubican en las playas.<\/p>\n\n\n\n<p><strong>Con informaci\u00f3n de El Universal <\/strong><\/p>\n","protected":false},"excerpt":{"rendered":"<p>Culiac\u00e1n, Sin.&nbsp;21 de Abril.- Elementos del cuerpo de la&nbsp;Polic\u00eda Acu\u00e1tica&nbsp;de Mazatl\u00e1n lograron rescatar a tres<\/p>\n","protected":false},"author":1,"featured_media":9449,"comment_status":"open","ping_status":"open","sticky":false,"template":"","format":"standard","meta":{"om_disable_all_campaigns":false,"_monsterinsights_skip_tracking":false,"_monsterinsights_sitenote_active":false,"_monsterinsights_sitenote_note":"","_monsterinsights_sitenote_category":0,"_jetpack_memberships_contains_paid_content":false,"footnotes":"","jetpack_publicize_message":"","jetpack_publicize_feature_enabled":true,"jetpack_social_post_already_shared":false,"jetpack_social_options":{"image_generator_settings":{"template":"highway","enabled":false},"version":2}},"categories":[5],"tags":[],"class_list":["post-9448","post","type-post","status-publish","format-standard","has-post-thumbnail","hentry","category-nacional"],"jetpack_publicize_connections":[],"aioseo_notices":[],"jetpack_featured_media_url":"https:\/\/samanoticiasdurango.com\/wp-content\/uploads\/wahnFkKj.jpeg","featured_image_urls":{"full":["https:\/\/samanoticiasdurango.com\/wp-content\/uploads\/wahnFkKj.jpeg",679,366,false],"thumbnail":["https:\/\/samanoticiasdurango.com\/wp-content\/uploads\/wahnFkKj-150x150.jpeg",150,150,true],"medium":["https:\/\/samanoticiasdurango.com\/wp-content\/uploads\/wahnFkKj-300x162.jpeg",300,162,true],"medium_large":["https:\/\/samanoticiasdurango.com\/wp-content\/uploads\/wahnFkKj.jpeg",640,345,false],"large":["https:\/\/samanoticiasdurango.com\/wp-content\/uploads\/wahnFkKj.jpeg",640,345,false],"1536x1536":["https:\/\/samanoticiasdurango.com\/wp-content\/uploads\/wahnFkKj.jpeg",679,366,false],"2048x2048":["https:\/\/samanoticiasdurango.com\/wp-content\/uploads\/wahnFkKj.jpeg",679,366,false],"chromenews-featured":["https:\/\/samanoticiasdurango.com\/wp-content\/uploads\/wahnFkKj.jpeg",679,366,false],"chromenews-large":["https:\/\/samanoticiasdurango.com\/wp-content\/uploads\/wahnFkKj.jpeg",679,366,false],"chromenews-medium":["https:\/\/samanoticiasdurango.com\/wp-content\/uploads\/wahnFkKj-590x366.jpeg",590,366,true]},"author_info":{"display_name":"Redacci\u00f3n","author_link":"https:\/\/samanoticiasdurango.com\/index.php\/author\/jjsama13gmail-com\/"},"category_info":"<a href=\"https:\/\/samanoticiasdurango.com\/index.php\/category\/nacional\/\" rel=\"category tag\">NACIONAL<\/a>","tag_info":"NACIONAL","comment_count":"0","jetpack_sharing_enabled":true,"_links":{"self":[{"href":"https:\/\/samanoticiasdurango.com\/index.php\/wp-json\/wp\/v2\/posts\/9448","targetHints":{"allow":["GET"]}}],"collection":[{"href":"https:\/\/samanoticiasdurango.com\/index.php\/wp-json\/wp\/v2\/posts"}],"about":[{"href":"https:\/\/samanoticiasdurango.com\/index.php\/wp-json\/wp\/v2\/types\/post"}],"author":[{"embeddable":true,"href":"https:\/\/samanoticiasdurango.com\/index.php\/wp-json\/wp\/v2\/users\/1"}],"replies":[{"embeddable":true,"href":"https:\/\/samanoticiasdurango.com\/index.php\/wp-json\/wp\/v2\/comments?post=9448"}],"version-history":[{"count":1,"href":"https:\/\/samanoticiasdurango.com\/index.php\/wp-json\/wp\/v2\/posts\/9448\/revisions"}],"predecessor-version":[{"id":9450,"href":"https:\/\/samanoticiasdurango.com\/index.php\/wp-json\/wp\/v2\/posts\/9448\/revisions\/9450"}],"wp:featuredmedia":[{"embeddable":true,"href":"https:\/\/samanoticiasdurango.com\/index.php\/wp-json\/wp\/v2\/media\/9449"}],"wp:attachment":[{"href":"https:\/\/samanoticiasdurango.com\/index.php\/wp-json\/wp\/v2\/media?parent=9448"}],"wp:term":[{"taxonomy":"category","embeddable":true,"href":"https:\/\/samanoticiasdurango.com\/index.php\/wp-json\/wp\/v2\/categories?post=9448"},{"taxonomy":"post_tag","embeddable":true,"href":"https:\/\/samanoticiasdurango.com\/index.php\/wp-json\/wp\/v2\/tags?post=9448"}],"curies":[{"name":"wp","href":"https:\/\/api.w.org\/{rel}","templated":true}]}}