{"id":9470,"date":"2024-04-21T22:24:08","date_gmt":"2024-04-21T22:24:08","guid":{"rendered":"http:\/\/samanoticiasdurango.com\/?p=9470"},"modified":"2024-04-21T22:24:10","modified_gmt":"2024-04-21T22:24:10","slug":"alegna-y-ever-tienen-pase-a-paris-2024","status":"publish","type":"post","link":"https:\/\/samanoticiasdurango.com\/index.php\/2024\/04\/21\/alegna-y-ever-tienen-pase-a-paris-2024\/","title":{"rendered":"Alegna y Ever tienen pase a Par\u00eds 2024"},"content":{"rendered":"\n<p><strong>La chihuahuense Alegna Gonz\u00e1lez y el michoacano Ever Palma<\/strong>&nbsp;dieron a&nbsp;<strong>M\u00e9xico la plaza para los Juegos Ol\u00edmpicos Par\u00eds 2024 en la prueba de marat\u00f3n de caminata mixta.<\/strong><\/p>\n\n\n\n<p><strong>Alegna Ariday y Ever Jair<\/strong>&nbsp;obtuvieron la plaza durante el&nbsp;<strong>Campeonato Mundial<\/strong>&nbsp;por equipos de caminata que se desarroll\u00f3 en Antalya, Turqu\u00eda.<\/p>\n\n\n\n<p><strong>Recorrieron los 42 kil\u00f3metros 195 metros<\/strong>, distancia para la prueba de marat\u00f3n a carrera, en&nbsp;<strong>dos horas, 59minutos y 21 segundos<\/strong>&nbsp;y ella tuvo un impresionante cierre.<\/p>\n\n\n\n<p><strong>Quedaron detr\u00e1s del binomio de Espa\u00f1a (\u00c1lvaro Mart\u00edn y Laura Garc\u00eda-Caro 2:57:41), Jap\u00f3n (Koki Ikeda y Kumiko Okada 2:57:04) e Italia (Francesco Fortunado y Valentina Trapletti 2:56:45).<\/strong><\/p>\n\n\n\n<p><strong>En medio de una temperatura de 20 grados cent\u00edgrados y una humedad relativa del 62 por ciento inici\u00f3 la competencia Palma Olivares, continu\u00f3 Gonz\u00e1lez, entr\u00f3 al relevo Ever Jair y cerr\u00f3 Alegna Eriday.<\/strong><\/p>\n\n\n\n<p>La prueba de marat\u00f3n de caminata se va a realizar el<strong>&nbsp;7 de agosto al pie de la emblem\u00e1tica Torre Eiffel<\/strong><\/p>\n\n\n\n<p>\u201cEstoy muy contenta. Me sent\u00ed muy bien.&nbsp;<strong>Fue una competencia que disfrut\u00e9<\/strong>&nbsp;porque estaba muy centrada en el principal objetivo que era clasificar a Juegos Ol\u00edmpicos. me siento tranquila y satisfecha con el trabajo que se hizo\u201d, comparti\u00f3 Alegna.<\/p>\n\n\n\n<p>Ella tom\u00f3 el \u00faltimo relevo cuando se encontraba&nbsp;<strong>M\u00e9xico en el puesto 12 y de ah\u00ed escal\u00f3 hasta la cuarta posici\u00f3n.<\/strong><\/p>\n\n\n\n<p>Est\u00e1 feliz con su rendimiento porque<strong>&nbsp;\u201cal final pude remontar muchos lugares<\/strong>&nbsp;y estoy muy motivada por la doble clasificaci\u00f3n ol\u00edmpica\u201d.<\/p>\n\n\n\n<p><strong>Alegna Ariday es la actual mayor exponente de la marcha mexicana<\/strong>, tanto en damas como en varones y competir\u00e1 tambi\u00e9n en los 20 kil\u00f3metros de mujeres.<\/p>\n\n\n\n<p><strong>Con informaci\u00f3n de AMEXI<\/strong><\/p>\n","protected":false},"excerpt":{"rendered":"<p>La chihuahuense Alegna Gonz\u00e1lez y el michoacano Ever Palma&nbsp;dieron a&nbsp;M\u00e9xico la plaza para los Juegos<\/p>\n","protected":false},"author":1,"featured_media":9471,"comment_status":"open","ping_status":"open","sticky":false,"template":"","format":"standard","meta":{"om_disable_all_campaigns":false,"_monsterinsights_skip_tracking":false,"_monsterinsights_sitenote_active":false,"_monsterinsights_sitenote_note":"","_monsterinsights_sitenote_category":0,"_jetpack_memberships_contains_paid_content":false,"footnotes":"","jetpack_publicize_message":"","jetpack_publicize_feature_enabled":true,"jetpack_social_post_already_shared":false,"jetpack_social_options":{"image_generator_settings":{"template":"highway","enabled":false},"version":2}},"categories":[1],"tags":[],"class_list":["post-9470","post","type-post","status-publish","format-standard","has-post-thumbnail","hentry","category-archivo"],"jetpack_publicize_connections":[],"aioseo_notices":[],"jetpack_featured_media_url":"https:\/\/samanoticiasdurango.com\/wp-content\/uploads\/S-FfOKK3.jpeg","featured_image_urls":{"full":["https:\/\/samanoticiasdurango.com\/wp-content\/uploads\/S-FfOKK3.jpeg",650,380,false],"thumbnail":["https:\/\/samanoticiasdurango.com\/wp-content\/uploads\/S-FfOKK3-150x150.jpeg",150,150,true],"medium":["https:\/\/samanoticiasdurango.com\/wp-content\/uploads\/S-FfOKK3-300x175.jpeg",300,175,true],"medium_large":["https:\/\/samanoticiasdurango.com\/wp-content\/uploads\/S-FfOKK3.jpeg",640,374,false],"large":["https:\/\/samanoticiasdurango.com\/wp-content\/uploads\/S-FfOKK3.jpeg",640,374,false],"1536x1536":["https:\/\/samanoticiasdurango.com\/wp-content\/uploads\/S-FfOKK3.jpeg",650,380,false],"2048x2048":["https:\/\/samanoticiasdurango.com\/wp-content\/uploads\/S-FfOKK3.jpeg",650,380,false],"chromenews-featured":["https:\/\/samanoticiasdurango.com\/wp-content\/uploads\/S-FfOKK3.jpeg",650,380,false],"chromenews-large":["https:\/\/samanoticiasdurango.com\/wp-content\/uploads\/S-FfOKK3.jpeg",650,380,false],"chromenews-medium":["https:\/\/samanoticiasdurango.com\/wp-content\/uploads\/S-FfOKK3-590x380.jpeg",590,380,true]},"author_info":{"display_name":"Redacci\u00f3n","author_link":"https:\/\/samanoticiasdurango.com\/index.php\/author\/jjsama13gmail-com\/"},"category_info":"<a href=\"https:\/\/samanoticiasdurango.com\/index.php\/category\/archivo\/\" rel=\"category tag\">DURANGO<\/a>","tag_info":"DURANGO","comment_count":"0","jetpack_sharing_enabled":true,"_links":{"self":[{"href":"https:\/\/samanoticiasdurango.com\/index.php\/wp-json\/wp\/v2\/posts\/9470","targetHints":{"allow":["GET"]}}],"collection":[{"href":"https:\/\/samanoticiasdurango.com\/index.php\/wp-json\/wp\/v2\/posts"}],"about":[{"href":"https:\/\/samanoticiasdurango.com\/index.php\/wp-json\/wp\/v2\/types\/post"}],"author":[{"embeddable":true,"href":"https:\/\/samanoticiasdurango.com\/index.php\/wp-json\/wp\/v2\/users\/1"}],"replies":[{"embeddable":true,"href":"https:\/\/samanoticiasdurango.com\/index.php\/wp-json\/wp\/v2\/comments?post=9470"}],"version-history":[{"count":1,"href":"https:\/\/samanoticiasdurango.com\/index.php\/wp-json\/wp\/v2\/posts\/9470\/revisions"}],"predecessor-version":[{"id":9472,"href":"https:\/\/samanoticiasdurango.com\/index.php\/wp-json\/wp\/v2\/posts\/9470\/revisions\/9472"}],"wp:featuredmedia":[{"embeddable":true,"href":"https:\/\/samanoticiasdurango.com\/index.php\/wp-json\/wp\/v2\/media\/9471"}],"wp:attachment":[{"href":"https:\/\/samanoticiasdurango.com\/index.php\/wp-json\/wp\/v2\/media?parent=9470"}],"wp:term":[{"taxonomy":"category","embeddable":true,"href":"https:\/\/samanoticiasdurango.com\/index.php\/wp-json\/wp\/v2\/categories?post=9470"},{"taxonomy":"post_tag","embeddable":true,"href":"https:\/\/samanoticiasdurango.com\/index.php\/wp-json\/wp\/v2\/tags?post=9470"}],"curies":[{"name":"wp","href":"https:\/\/api.w.org\/{rel}","templated":true}]}}