{"id":9473,"date":"2024-04-21T22:34:57","date_gmt":"2024-04-21T22:34:57","guid":{"rendered":"http:\/\/samanoticiasdurango.com\/?p=9473"},"modified":"2024-04-21T22:43:25","modified_gmt":"2024-04-21T22:43:25","slug":"9473","status":"publish","type":"post","link":"https:\/\/samanoticiasdurango.com\/index.php\/2024\/04\/21\/9473\/","title":{"rendered":"La&nbsp;<strong>escasez del l\u00edquido se puede convertir en una crisis social,<\/strong>&nbsp;ya que afecta m\u00e1s a los grupos vulnerables de la poblaci\u00f3n."},"content":{"rendered":"\n<p>La&nbsp;<strong>escasez de agua potable para el consumo humano es en M\u00e9xico una prioridad de seguridad nacional,<\/strong>&nbsp;ya que hoy 80% del pa\u00eds enfrenta carest\u00eda o sequ\u00eda, subray\u00f3&nbsp;<strong>&nbsp;Marcela Guerra, presidenta de la Mesa Directiva de la C\u00e1mara de Diputados<\/strong>.<\/p>\n\n\n\n<p>La legisladora&nbsp;<strong>urgi\u00f3 a destinar mayor financiamiento p\u00fablico para mejorar la infraestructura h\u00eddrica<\/strong>, m\u00e1s y mejores controles de calidad y combatir pr\u00e1cticas como la no factura o cobro del agua por la deficiencia del padr\u00f3n de usuarios y el clandestinaje.<\/p>\n\n\n\n<p>\u201cSe requiere de una nueva pol\u00edtica de gesti\u00f3n que incluya actualizar los marcos legales y regulatorios que rigen el manejo del agua. La&nbsp;<strong>escasez del l\u00edquido se puede convertir en una crisis social,<\/strong>&nbsp;ya que afecta m\u00e1s a los grupos vulnerables de la poblaci\u00f3n.<\/p>\n\n\n\n<figure class=\"wp-block-image\" id=\"attachment_52014\"><img decoding=\"async\" src=\"https:\/\/amexi.com.mx\/wp-content\/uploads\/2024\/04\/Marcela-Guerra-ptda-600x400.webp\" alt=\"\" class=\"wp-image-52014\"\/><figcaption class=\"wp-element-caption\">Marcela Guerra, presidenta de la Mesa Directiva de la C\u00e1mara de Diputados. pide destinar mayor financiamiento p\u00fablico para mejorar la infraestructura h\u00eddrica en el pa\u00eds. Foto: Cortes\u00eda C\u00e1mara de Diputados \/ AMEXI<\/figcaption><\/figure>\n\n\n\n<p>\u201cLas<strong>&nbsp;familias mexicanas destinan 16% de su ingreso mensual a la compra de agua embotellada y pipas,<\/strong>&nbsp;aunado a que pagan la tarifa p\u00fablica\u201d, advirti\u00f3 la diputada Guerra Castillo.<\/p>\n\n\n\n<p>La poblaci\u00f3n de algunas zonas de la Ciudad de M\u00e9xico no es la \u00fanica que enfrenta este problema, seg\u00fan estudios del&nbsp;<strong>Colegio de M\u00e9xico (Colmex)<\/strong>, el agua que se suministra en algunas partes de Michoac\u00e1n, Guerrero, Estado de M\u00e9xico, Morelos, Puebla, Hidalgo, Tlaxcala, Oaxaca, Aguascalientes, Guanajuato, Veracruz, Sinaloa, Durango, Nayarit, Jalisco, San Luis Potos\u00ed, Nuevo Le\u00f3n, Tamaulipas, Sonora, Coahuila, Chihuahua, Baja California Sur, Baja California,<strong>&nbsp;sobrepasa los l\u00edmites de contaminaci\u00f3n.<\/strong><\/p>\n\n\n\n<figure class=\"wp-block-image\" id=\"attachment_52016\"><img decoding=\"async\" src=\"https:\/\/amexi.com.mx\/wp-content\/uploads\/2024\/04\/sequia-1-533x400.webp\" alt=\"\" class=\"wp-image-52016\"\/><figcaption class=\"wp-element-caption\">Al menos en 23 estados del pa\u00eds el agua para consumo humano rebasa los l\u00edmites de contaminaci\u00f3n permitidos, lo que se suma a la escasez. Foto: Cortes\u00eda UNAM \/ AMEXI<\/figcaption><\/figure>\n\n\n\n<p>Es imperante la toma de buenas decisiones para que M\u00e9xico cumpla los Objetivos de Desarrollo Sostenible (ODS), en particular el n\u00famero seis que habla de agua limpia y saneamiento, como parte de las pol\u00edticas para mejorar la vida y las perspectivas de las familias mexicanas.<\/p>\n\n\n\n<p>Por ello se requiere invertir en la modernizaci\u00f3n y conservaci\u00f3n de la infraestructura para una gesti\u00f3n m\u00e1s eficiente e incluso se debe analizar la conveniencia de permitir la inversi\u00f3n extranjera para enfrentar esta problem\u00e1tica, tomando en cuenta que&nbsp;<strong>se necesita una inyecci\u00f3n financiera promedio superior a los 86 mil millones de pesos anuales<\/strong>&nbsp;durante los pr\u00f3ximos ocho a\u00f1os para enfrentar la sequ\u00eda y el desabasto.<\/p>\n\n\n\n<figure class=\"wp-block-image\" id=\"attachment_52017\"><img decoding=\"async\" src=\"https:\/\/amexi.com.mx\/wp-content\/uploads\/2024\/04\/sequia--600x400.webp\" alt=\"\" class=\"wp-image-52017\"\/><figcaption class=\"wp-element-caption\">La sequ\u00eda ya es un grave problema en M\u00e9xico, coinciden autoridades y legisladores. Foto: Cortes\u00eda Conagua \/ AMEXI<\/figcaption><\/figure>\n\n\n\n<p>Con informaci\u00f3n de AMEXI<\/p>\n","protected":false},"excerpt":{"rendered":"<p>La&nbsp;escasez de agua potable para el consumo humano es en M\u00e9xico una prioridad de seguridad<\/p>\n","protected":false},"author":1,"featured_media":9474,"comment_status":"open","ping_status":"open","sticky":false,"template":"","format":"standard","meta":{"om_disable_all_campaigns":false,"_monsterinsights_skip_tracking":false,"_monsterinsights_sitenote_active":false,"_monsterinsights_sitenote_note":"","_monsterinsights_sitenote_category":0,"_jetpack_memberships_contains_paid_content":false,"footnotes":"","jetpack_publicize_message":"","jetpack_publicize_feature_enabled":true,"jetpack_social_post_already_shared":false,"jetpack_social_options":{"image_generator_settings":{"template":"highway","enabled":false},"version":2}},"categories":[5],"tags":[],"class_list":["post-9473","post","type-post","status-publish","format-standard","has-post-thumbnail","hentry","category-nacional"],"jetpack_publicize_connections":[],"aioseo_notices":[],"jetpack_featured_media_url":"https:\/\/samanoticiasdurango.com\/wp-content\/uploads\/SEQUIA.jpeg","featured_image_urls":{"full":["https:\/\/samanoticiasdurango.com\/wp-content\/uploads\/SEQUIA.jpeg",679,408,false],"thumbnail":["https:\/\/samanoticiasdurango.com\/wp-content\/uploads\/SEQUIA-150x150.jpeg",150,150,true],"medium":["https:\/\/samanoticiasdurango.com\/wp-content\/uploads\/SEQUIA-300x180.jpeg",300,180,true],"medium_large":["https:\/\/samanoticiasdurango.com\/wp-content\/uploads\/SEQUIA.jpeg",640,385,false],"large":["https:\/\/samanoticiasdurango.com\/wp-content\/uploads\/SEQUIA.jpeg",640,385,false],"1536x1536":["https:\/\/samanoticiasdurango.com\/wp-content\/uploads\/SEQUIA.jpeg",679,408,false],"2048x2048":["https:\/\/samanoticiasdurango.com\/wp-content\/uploads\/SEQUIA.jpeg",679,408,false],"chromenews-featured":["https:\/\/samanoticiasdurango.com\/wp-content\/uploads\/SEQUIA.jpeg",679,408,false],"chromenews-large":["https:\/\/samanoticiasdurango.com\/wp-content\/uploads\/SEQUIA.jpeg",679,408,false],"chromenews-medium":["https:\/\/samanoticiasdurango.com\/wp-content\/uploads\/SEQUIA-590x408.jpeg",590,408,true]},"author_info":{"display_name":"Redacci\u00f3n","author_link":"https:\/\/samanoticiasdurango.com\/index.php\/author\/jjsama13gmail-com\/"},"category_info":"<a href=\"https:\/\/samanoticiasdurango.com\/index.php\/category\/nacional\/\" rel=\"category tag\">NACIONAL<\/a>","tag_info":"NACIONAL","comment_count":"0","jetpack_sharing_enabled":true,"_links":{"self":[{"href":"https:\/\/samanoticiasdurango.com\/index.php\/wp-json\/wp\/v2\/posts\/9473","targetHints":{"allow":["GET"]}}],"collection":[{"href":"https:\/\/samanoticiasdurango.com\/index.php\/wp-json\/wp\/v2\/posts"}],"about":[{"href":"https:\/\/samanoticiasdurango.com\/index.php\/wp-json\/wp\/v2\/types\/post"}],"author":[{"embeddable":true,"href":"https:\/\/samanoticiasdurango.com\/index.php\/wp-json\/wp\/v2\/users\/1"}],"replies":[{"embeddable":true,"href":"https:\/\/samanoticiasdurango.com\/index.php\/wp-json\/wp\/v2\/comments?post=9473"}],"version-history":[{"count":2,"href":"https:\/\/samanoticiasdurango.com\/index.php\/wp-json\/wp\/v2\/posts\/9473\/revisions"}],"predecessor-version":[{"id":9477,"href":"https:\/\/samanoticiasdurango.com\/index.php\/wp-json\/wp\/v2\/posts\/9473\/revisions\/9477"}],"wp:featuredmedia":[{"embeddable":true,"href":"https:\/\/samanoticiasdurango.com\/index.php\/wp-json\/wp\/v2\/media\/9474"}],"wp:attachment":[{"href":"https:\/\/samanoticiasdurango.com\/index.php\/wp-json\/wp\/v2\/media?parent=9473"}],"wp:term":[{"taxonomy":"category","embeddable":true,"href":"https:\/\/samanoticiasdurango.com\/index.php\/wp-json\/wp\/v2\/categories?post=9473"},{"taxonomy":"post_tag","embeddable":true,"href":"https:\/\/samanoticiasdurango.com\/index.php\/wp-json\/wp\/v2\/tags?post=9473"}],"curies":[{"name":"wp","href":"https:\/\/api.w.org\/{rel}","templated":true}]}}