{"id":9540,"date":"2024-04-27T19:52:40","date_gmt":"2024-04-27T19:52:40","guid":{"rendered":"http:\/\/samanoticiasdurango.com\/?p=9540"},"modified":"2024-04-27T19:52:42","modified_gmt":"2024-04-27T19:52:42","slug":"habra-mas-migrantes-ante-comicios-en-mexico-y-ee-uu-por-enganos-de-criminales-advierte-estudio","status":"publish","type":"post","link":"https:\/\/samanoticiasdurango.com\/index.php\/2024\/04\/27\/habra-mas-migrantes-ante-comicios-en-mexico-y-ee-uu-por-enganos-de-criminales-advierte-estudio\/","title":{"rendered":"<a href=\"https:\/\/lopezdoriga.com\/nacional\/habra-mas-migrantes-ante-comicios-en-mexico-y-ee-uu-por-enganos-de-criminales-advierte-estudio\/\">Habr\u00e1 m\u00e1s migrantes ante comicios en M\u00e9xico y EE.UU. por enga\u00f1os de criminales, advierte estudio<\/a>"},"content":{"rendered":"\n<p>Las&nbsp;<a href=\"https:\/\/lopezdoriga.com\/?s=caravanas\" target=\"_blank\" rel=\"noreferrer noopener\"><strong>caravanas<\/strong><\/a>&nbsp;de&nbsp;<strong>migrantes<\/strong>&nbsp;hacia la frontera de&nbsp;<strong>M\u00e9xico<\/strong>&nbsp;con&nbsp;<strong>Estados Unidos<\/strong>&nbsp;ser\u00e1n cada vez m\u00e1s ante las elecciones de ambos pa\u00edses alimentadas por la fe religiosa y los enga\u00f1os de \u201cla industria de la migraci\u00f3n\u201d de los&nbsp;<strong>grupos<\/strong>&nbsp;<strong>criminales<\/strong>, advierte una investigaci\u00f3n de la&nbsp;<strong>Universidad de Texas en El Paso<\/strong>&nbsp;y la&nbsp;<strong>Universidad Aut\u00f3noma de Chihuahua<\/strong>&nbsp;(UACH).<\/p>\n\n\n\n<p>Emilio Alberto L\u00f3pez, investigador de la&nbsp;<strong>UACH<\/strong>, expuso que los traficantes de personas est\u00e1n aprovechando cambios a la aplicaci\u00f3n&nbsp;<strong><a href=\"https:\/\/twitter.com\/CBP\" target=\"_blank\" rel=\"noreferrer noopener\">CBP<\/a>&nbsp;One,<\/strong>&nbsp;que permite conseguir una cita con&nbsp;<strong>autoridades<\/strong>&nbsp;<strong>estadounidenses<\/strong>&nbsp;para hacerles creer en los pa\u00edses expulsores que es m\u00e1s f\u00e1cil y r\u00e1pido entrar a Estados Unidos.<\/p>\n\n\n\n<p>\u201cAplicamos un instrumento para ver qu\u00e9 saben las personas&nbsp;<strong>susceptibles<\/strong>&nbsp;de protecci\u00f3n internacional sobre los procesos de asilo y nos encontramos con que la gente b\u00e1sicamente se est\u00e1 aventando (aventurando) con fe en&nbsp;<strong>Dios<\/strong>\u201d, explic\u00f3 el acad\u00e9mico en una entrevista este s\u00e1bado.<\/p>\n\n\n\n<p>El experto apunt\u00f3 que las conclusiones de este estudio crean entre los&nbsp;<strong>investigadores<\/strong>&nbsp;un temor de que esta desinformaci\u00f3n se siga utilizando por los traficantes de personas.<\/p>\n\n\n\n<p>\u201cLamentablemente, ya nos estamos enfrentando con una situaci\u00f3n que&nbsp;<strong>rebasa<\/strong>&nbsp;las capacidades estatales, el riesgo es que muchos oportunistas o esta industria de la migraci\u00f3n est\u00e1n aprovechando para contar mentiras a la migraci\u00f3n y ense\u00f1ar TikToks o videos de: \u2018mira, es muy r\u00e1pido cruzar\u2019\u201d, cuestiona L\u00f3pez Reyes.<\/p>\n\n\n\n<p>Apenas el martes pasado, el Comit\u00e9 Internacional de la&nbsp;<strong>Cruz Roja<\/strong>&nbsp;(CICR) en M\u00e9xico y Centroam\u00e9rica alert\u00f3 de que las redes criminales est\u00e1n enga\u00f1ando a migrantes mediante plataformas digitales, porque los grupos delictivos \u201cquieren aprovechar su vulnerabilidad y dar informaciones falsas\u201d.<\/p>\n\n\n\n<p>El investigador de la UACH apunt\u00f3 que estos enga\u00f1os sobrepasan lo \u201cinhumano\u201d porque afectan a ni\u00f1os e impulsan a habitantes de pa\u00edses expulsores a hacer el peligroso viaje a la&nbsp;<strong>frontera<\/strong>&nbsp;con toda la familia.<\/p>\n\n\n\n<p>\u201cEst\u00e1 generando una serie de&nbsp;<strong>desinformaci\u00f3n<\/strong>&nbsp;entre los traficantes con las personas que est\u00e1n en movilidad, nuevamente se est\u00e1 viendo el arribo de familias casi completas que vienen en esta forma de&nbsp;<strong>migraci\u00f3n<\/strong>&nbsp;colectiva\u201d, indic\u00f3.<\/p>\n\n\n\n<p><strong>Migraciones y elecciones<\/strong><\/p>\n\n\n\n<p>La presi\u00f3n por la migraci\u00f3n crece porque este a\u00f1o coinciden las elecciones presidenciales de<strong>&nbsp;Estados Unidos<\/strong>&nbsp;y&nbsp;<strong>M\u00e9xico<\/strong>, donde los migrantes irregulares detectados por el Gobierno subieron un 77 por ciento en 2023 hasta un r\u00e9cord de 782 mil.<\/p>\n\n\n\n<p>El an\u00e1lisis que hicieron las universidades anticipa que la migraci\u00f3n aumentar\u00e1 de cara a estos comicios, al prever un aumento de la desinformaci\u00f3n las propuestas antiinmigrantes en<strong>&nbsp;Estados Unidos<\/strong>, lo que est\u00e1 presionando a M\u00e9xico.<\/p>\n\n\n\n<p>\u201cEstamos acerc\u00e1ndonos al proceso electoral de ambos lados de la&nbsp;<strong>frontera<\/strong>, como vimos en la primera elecci\u00f3n de (Donald) Trump, veremos caravanas, mucha desinformaci\u00f3n y el usufructo pol\u00edtico de la movilidad humana Desafortunadamente, hay muchos oportunistas que son todos estos intermediarios que explotan a migrantes\u201d, acot\u00f3.<\/p>\n\n\n\n<p>Esta realidad ya cala en migrantes que est\u00e1n varados en la&nbsp;<strong>frontera<\/strong>&nbsp;norte de M\u00e9xico, como el venezolano Miguel Velazco.<\/p>\n\n\n\n<p>\u201cYo quiero crear un futuro para mis hijos y en&nbsp;<strong>Venezuela<\/strong>&nbsp;no se los puedo dar. (Tengo) fe en Dios que s\u00ed lo vamos a lograr. Ya estamos aqu\u00ed, y henos visto que mucha gente ha pasado y que s\u00ed lo ha logrado y as\u00ed como lo ha logrado yo tengo fe en Dios que as\u00ed lo voy a lograr tambi\u00e9n. Aferrarse a \u00e9l, que es el \u00fanico que nos puede ayudar\u201d, dijo a un lado del r\u00edo Bravo en Ciudad Ju\u00e1rez.<\/p>\n\n\n\n<p>Con informaci\u00f3n de EFE<\/p>\n","protected":false},"excerpt":{"rendered":"<p>Las&nbsp;caravanas&nbsp;de&nbsp;migrantes&nbsp;hacia la frontera de&nbsp;M\u00e9xico&nbsp;con&nbsp;Estados Unidos&nbsp;ser\u00e1n cada vez m\u00e1s ante las elecciones de ambos pa\u00edses alimentadas<\/p>\n","protected":false},"author":1,"featured_media":9541,"comment_status":"open","ping_status":"open","sticky":false,"template":"","format":"standard","meta":{"om_disable_all_campaigns":false,"_monsterinsights_skip_tracking":false,"_monsterinsights_sitenote_active":false,"_monsterinsights_sitenote_note":"","_monsterinsights_sitenote_category":0,"_jetpack_memberships_contains_paid_content":false,"footnotes":"","jetpack_publicize_message":"","jetpack_publicize_feature_enabled":true,"jetpack_social_post_already_shared":false,"jetpack_social_options":{"image_generator_settings":{"template":"highway","enabled":false},"version":2}},"categories":[5],"tags":[],"class_list":["post-9540","post","type-post","status-publish","format-standard","has-post-thumbnail","hentry","category-nacional"],"jetpack_publicize_connections":[],"aioseo_notices":[],"jetpack_featured_media_url":"https:\/\/samanoticiasdurango.com\/wp-content\/uploads\/migrantes-en-mexico-inm.webp","featured_image_urls":{"full":["https:\/\/samanoticiasdurango.com\/wp-content\/uploads\/migrantes-en-mexico-inm.webp",2048,1365,false],"thumbnail":["https:\/\/samanoticiasdurango.com\/wp-content\/uploads\/migrantes-en-mexico-inm-150x150.webp",150,150,true],"medium":["https:\/\/samanoticiasdurango.com\/wp-content\/uploads\/migrantes-en-mexico-inm-300x200.webp",300,200,true],"medium_large":["https:\/\/samanoticiasdurango.com\/wp-content\/uploads\/migrantes-en-mexico-inm-768x512.webp",640,427,true],"large":["https:\/\/samanoticiasdurango.com\/wp-content\/uploads\/migrantes-en-mexico-inm-1024x683.webp",640,427,true],"1536x1536":["https:\/\/samanoticiasdurango.com\/wp-content\/uploads\/migrantes-en-mexico-inm-1536x1024.webp",1536,1024,true],"2048x2048":["https:\/\/samanoticiasdurango.com\/wp-content\/uploads\/migrantes-en-mexico-inm.webp",2048,1365,false],"chromenews-featured":["https:\/\/samanoticiasdurango.com\/wp-content\/uploads\/migrantes-en-mexico-inm-1024x683.webp",1024,683,true],"chromenews-large":["https:\/\/samanoticiasdurango.com\/wp-content\/uploads\/migrantes-en-mexico-inm-825x575.webp",825,575,true],"chromenews-medium":["https:\/\/samanoticiasdurango.com\/wp-content\/uploads\/migrantes-en-mexico-inm-590x410.webp",590,410,true]},"author_info":{"display_name":"Redacci\u00f3n","author_link":"https:\/\/samanoticiasdurango.com\/index.php\/author\/jjsama13gmail-com\/"},"category_info":"<a href=\"https:\/\/samanoticiasdurango.com\/index.php\/category\/nacional\/\" rel=\"category tag\">NACIONAL<\/a>","tag_info":"NACIONAL","comment_count":"0","jetpack_sharing_enabled":true,"_links":{"self":[{"href":"https:\/\/samanoticiasdurango.com\/index.php\/wp-json\/wp\/v2\/posts\/9540","targetHints":{"allow":["GET"]}}],"collection":[{"href":"https:\/\/samanoticiasdurango.com\/index.php\/wp-json\/wp\/v2\/posts"}],"about":[{"href":"https:\/\/samanoticiasdurango.com\/index.php\/wp-json\/wp\/v2\/types\/post"}],"author":[{"embeddable":true,"href":"https:\/\/samanoticiasdurango.com\/index.php\/wp-json\/wp\/v2\/users\/1"}],"replies":[{"embeddable":true,"href":"https:\/\/samanoticiasdurango.com\/index.php\/wp-json\/wp\/v2\/comments?post=9540"}],"version-history":[{"count":1,"href":"https:\/\/samanoticiasdurango.com\/index.php\/wp-json\/wp\/v2\/posts\/9540\/revisions"}],"predecessor-version":[{"id":9542,"href":"https:\/\/samanoticiasdurango.com\/index.php\/wp-json\/wp\/v2\/posts\/9540\/revisions\/9542"}],"wp:featuredmedia":[{"embeddable":true,"href":"https:\/\/samanoticiasdurango.com\/index.php\/wp-json\/wp\/v2\/media\/9541"}],"wp:attachment":[{"href":"https:\/\/samanoticiasdurango.com\/index.php\/wp-json\/wp\/v2\/media?parent=9540"}],"wp:term":[{"taxonomy":"category","embeddable":true,"href":"https:\/\/samanoticiasdurango.com\/index.php\/wp-json\/wp\/v2\/categories?post=9540"},{"taxonomy":"post_tag","embeddable":true,"href":"https:\/\/samanoticiasdurango.com\/index.php\/wp-json\/wp\/v2\/tags?post=9540"}],"curies":[{"name":"wp","href":"https:\/\/api.w.org\/{rel}","templated":true}]}}