{"id":9550,"date":"2024-04-28T20:52:59","date_gmt":"2024-04-28T20:52:59","guid":{"rendered":"http:\/\/samanoticiasdurango.com\/?p=9550"},"modified":"2024-04-28T20:53:00","modified_gmt":"2024-04-28T20:53:00","slug":"crece-el-miedo-de-los-migrantes-al-crimen-organizado-tras-masacre-en-chihuahua","status":"publish","type":"post","link":"https:\/\/samanoticiasdurango.com\/index.php\/2024\/04\/28\/crece-el-miedo-de-los-migrantes-al-crimen-organizado-tras-masacre-en-chihuahua\/","title":{"rendered":"<a href=\"https:\/\/lopezdoriga.com\/nacional\/migrantes-temen-crimen-organizado-masacre-chihuahua\/\">Crece el miedo de los migrantes al crimen organizado tras masacre en Chihuahua<\/a>"},"content":{"rendered":"\n<p><strong>Migrantes<\/strong>&nbsp;que llegaron al&nbsp;<strong>r\u00edo<\/strong>&nbsp;<strong>Bravo<\/strong>, la frontera entre Ciudad Ju\u00e1rez y El Paso, Texas, aseguran&nbsp;<strong>temer<\/strong>&nbsp;al&nbsp;<strong>crimen organizado<\/strong>&nbsp;luego de la masacre de 9 personas esta semana y que, seg\u00fan las autoridades, podr\u00eda haber sido perpetrada por traficantes de personas.<\/p>\n\n\n\n<p>Los migrantes que llegan a esta zona comentaron a EFE su temor pues, se\u00f1alaron, han sido v\u00edctimas de agresiones.<\/p>\n\n\n\n<figure class=\"wp-block-image\" id=\"attachment_1614683\"><a href=\"https:\/\/i0.wp.com\/lopezdoriga.com\/wp-content\/uploads\/2024\/04\/migrantes-en-la-frontera-de-ciudad-juarez-chihuahua-con-eeuu.jpg?ssl=1\" target=\"_blank\" rel=\"noreferrer noopener\"><img decoding=\"async\" src=\"https:\/\/i0.wp.com\/lopezdoriga.com\/wp-content\/uploads\/2024\/04\/migrantes-en-la-frontera-de-ciudad-juarez-chihuahua-con-eeuu-1024x693.jpg?resize=1024%2C693&amp;ssl=1\" alt=\"Crece el miedo de los migrantes al crimen organizado tras masacre en Chihuahua - migrantes-en-la-frontera-de-ciudad-juarez-chihuahua-con-eeuu-1024x693\" class=\"wp-image-1614683\" title=\"\"\/><\/a><figcaption class=\"wp-element-caption\">Migrantes en la frontera de Ciudad Ju\u00e1rez con EE.UU. Foto de EFE\/Luis Torres<\/figcaption><\/figure>\n\n\n\n<p>Ayar\u00ed Zede\u00f1o, una migrante de Venezuela que viaj\u00f3 hasta Ciudad Ju\u00e1rez con su familia, dijo que incluso al estar a un lado de Estados Unidos han sido atacados.<\/p>\n\n\n\n<p>\u201cEst\u00e1bamos ya acostados y lleg\u00f3 un grupo de esa gente (delincuentes) con mecates (cuerdas) y alcanzamos a correr. (Dijeron) que ven\u00edan a llevarse a toda la gente porque no pod\u00edamos estar aqu\u00ed. Eso es a lo que m\u00e1s le tememos, no tanto a (las autoridades de) migraci\u00f3n\u201d, dijo.<\/p>\n\n\n\n<p>El temor crece porque apenas en la semana las autoridades encontraron&nbsp;<a href=\"https:\/\/lopezdoriga.com\/nacional\/abandonan-ocho-cadaveres-carretera-chihuahua-a-ciudad-juarez\/\" target=\"_blank\" rel=\"noreferrer noopener\">9 cuerpos desnudos<\/a>&nbsp;tirados al norte de Chihuahua, en el kil\u00f3metro 37 de la carretera a Ciudad Ju\u00e1rez, una v\u00eda muy transitada a pie por los migrantes. El crimen organizado se atribuy\u00f3 a bandas de traficantes de personas.<\/p>\n\n\n\n<p>Zede\u00f1o dijo que existe mucha desconfianza de lo que las autoridades mexicanas hacen una vez que aseguran a los migrantes, por lo que se mantienen lejos y no les piden auxilio.<\/p>\n\n\n\n<p>\u201cTambi\u00e9n dicen que la misma (autoridad de) migraci\u00f3n mexicana ha agarrado a unos y se los entrega a esa gente\u201d, indic\u00f3 preocupada la venezolana.<\/p>\n\n\n\n<p>Manifest\u00f3 que la pol\u00edtica migrante que ha adoptado M\u00e9xico, de perseguir a las personas en condici\u00f3n de movilidad, los ha obligado a exponerse a muchos peligros, entre los que se encuentra quedar expuestos a la delincuencia organizada.<\/p>\n\n\n\n<p>\u201cYa llevamos casi una semana y la hemos pasado mal porque estamos durmiendo en el monte, hemos matado culebras, ya hemos pasado hasta el muro pero nos sacaron. El Ej\u00e9rcito nos sac\u00f3 porque no estaba (el&nbsp;<a href=\"https:\/\/www.gob.mx\/inm\" target=\"_blank\" rel=\"noreferrer noopener\">Instituto Nacional de Migraci\u00f3n<\/a>), le quisieron pegar al pap\u00e1 del ni\u00f1o con el ni\u00f1o encima, nos trataron mal, nos quer\u00edan romper los documentos\u201d, dijo la mujer.<\/p>\n\n\n\n<h3 class=\"wp-block-heading\">&nbsp;Migrantes temen presencia de grupos criminales<\/h3>\n\n\n\n<p>Gilberto Loya Ch\u00e1vez, secretario de Seguridad P\u00fablica del Estado de Chihuahua, asegur\u00f3 que el control que buscan los grupos criminales sobre el tr\u00e1fico de personas es tan grave que m\u00e1s de la mitad de los homicidios ocurridos en Ju\u00e1rez est\u00e1n relacionados con este delito.<\/p>\n\n\n\n<p>Adem\u00e1s, no descart\u00f3 la presencia del grupo criminal venezolano \u2018Tren de Aragua\u2019, lo que estar\u00eda generando la pelea por el tr\u00e1fico de migrantes en la regi\u00f3n.<\/p>\n\n\n\n<p>Julio Okendo, otro migrante de Venezuela, dijo a EFE que entre los peligros que implica la ruta, el crimen organizado es el mayor.<\/p>\n\n\n\n<p>Agreg\u00f3 que M\u00e9xico ha sido lo m\u00e1s dif\u00edcil de la ruta ya que no les venden boletos de autob\u00fas, lo que implica mucho sufrimiento y d\u00edas enteros caminando a expensas de los delincuentes.<\/p>\n\n\n\n<p>\u201cSiempre huyendo de la Migraci\u00f3n, corriendo dentro del monte, es donde yo digo, est\u00e1 aumentando m\u00e1s el peligro del migrante, al hacerlo caminar dentro del monte, de la selva es donde corre uno m\u00e1s peligro\u201d, dijo.<\/p>\n\n\n\n<p>En alg\u00fan momento Okendo tambi\u00e9n logr\u00f3 ingresar a Estados Unidos pero ante la falta de presencia de autoridades de migraci\u00f3n de Estados Unidos, la Guardia Nacional de Texas los oblig\u00f3 a regresar a la orilla del r\u00edo Bravo.<\/p>\n\n\n\n<p>\u201cMuchos sacrificios, mucho riesgo a la vida, mucho gasto de dinero, con todo ese dinero que gastamos en esas caminatas ya hubi\u00e9ramos llegado aqu\u00ed y ya Estados Unidos sabe si nos deporta o si nos recibe\u201d, afirm\u00f3 el venezolano.<\/p>\n\n\n\n<p><strong>Con informaci\u00f3n de EFE<\/strong><\/p>\n","protected":false},"excerpt":{"rendered":"<p>Migrantes&nbsp;que llegaron al&nbsp;r\u00edo&nbsp;Bravo, la frontera entre Ciudad Ju\u00e1rez y El Paso, Texas, aseguran&nbsp;temer&nbsp;al&nbsp;crimen organizado&nbsp;luego de<\/p>\n","protected":false},"author":1,"featured_media":9551,"comment_status":"open","ping_status":"open","sticky":false,"template":"","format":"standard","meta":{"om_disable_all_campaigns":false,"_monsterinsights_skip_tracking":false,"_monsterinsights_sitenote_active":false,"_monsterinsights_sitenote_note":"","_monsterinsights_sitenote_category":0,"_jetpack_memberships_contains_paid_content":false,"footnotes":"","jetpack_publicize_message":"","jetpack_publicize_feature_enabled":true,"jetpack_social_post_already_shared":false,"jetpack_social_options":{"image_generator_settings":{"template":"highway","enabled":false},"version":2}},"categories":[5],"tags":[],"class_list":["post-9550","post","type-post","status-publish","format-standard","has-post-thumbnail","hentry","category-nacional"],"jetpack_publicize_connections":[],"aioseo_notices":[],"jetpack_featured_media_url":"https:\/\/samanoticiasdurango.com\/wp-content\/uploads\/migrantes-en-la-frontera-de-ciudad-juarez-con-eeuu.webp","featured_image_urls":{"full":["https:\/\/samanoticiasdurango.com\/wp-content\/uploads\/migrantes-en-la-frontera-de-ciudad-juarez-con-eeuu.webp",1920,1264,false],"thumbnail":["https:\/\/samanoticiasdurango.com\/wp-content\/uploads\/migrantes-en-la-frontera-de-ciudad-juarez-con-eeuu-150x150.webp",150,150,true],"medium":["https:\/\/samanoticiasdurango.com\/wp-content\/uploads\/migrantes-en-la-frontera-de-ciudad-juarez-con-eeuu-300x198.webp",300,198,true],"medium_large":["https:\/\/samanoticiasdurango.com\/wp-content\/uploads\/migrantes-en-la-frontera-de-ciudad-juarez-con-eeuu-768x506.webp",640,422,true],"large":["https:\/\/samanoticiasdurango.com\/wp-content\/uploads\/migrantes-en-la-frontera-de-ciudad-juarez-con-eeuu-1024x674.webp",640,421,true],"1536x1536":["https:\/\/samanoticiasdurango.com\/wp-content\/uploads\/migrantes-en-la-frontera-de-ciudad-juarez-con-eeuu-1536x1011.webp",1536,1011,true],"2048x2048":["https:\/\/samanoticiasdurango.com\/wp-content\/uploads\/migrantes-en-la-frontera-de-ciudad-juarez-con-eeuu.webp",1920,1264,false],"chromenews-featured":["https:\/\/samanoticiasdurango.com\/wp-content\/uploads\/migrantes-en-la-frontera-de-ciudad-juarez-con-eeuu-1024x674.webp",1024,674,true],"chromenews-large":["https:\/\/samanoticiasdurango.com\/wp-content\/uploads\/migrantes-en-la-frontera-de-ciudad-juarez-con-eeuu-825x575.webp",825,575,true],"chromenews-medium":["https:\/\/samanoticiasdurango.com\/wp-content\/uploads\/migrantes-en-la-frontera-de-ciudad-juarez-con-eeuu-590x410.webp",590,410,true]},"author_info":{"display_name":"Redacci\u00f3n","author_link":"https:\/\/samanoticiasdurango.com\/index.php\/author\/jjsama13gmail-com\/"},"category_info":"<a href=\"https:\/\/samanoticiasdurango.com\/index.php\/category\/nacional\/\" rel=\"category tag\">NACIONAL<\/a>","tag_info":"NACIONAL","comment_count":"0","jetpack_sharing_enabled":true,"_links":{"self":[{"href":"https:\/\/samanoticiasdurango.com\/index.php\/wp-json\/wp\/v2\/posts\/9550","targetHints":{"allow":["GET"]}}],"collection":[{"href":"https:\/\/samanoticiasdurango.com\/index.php\/wp-json\/wp\/v2\/posts"}],"about":[{"href":"https:\/\/samanoticiasdurango.com\/index.php\/wp-json\/wp\/v2\/types\/post"}],"author":[{"embeddable":true,"href":"https:\/\/samanoticiasdurango.com\/index.php\/wp-json\/wp\/v2\/users\/1"}],"replies":[{"embeddable":true,"href":"https:\/\/samanoticiasdurango.com\/index.php\/wp-json\/wp\/v2\/comments?post=9550"}],"version-history":[{"count":1,"href":"https:\/\/samanoticiasdurango.com\/index.php\/wp-json\/wp\/v2\/posts\/9550\/revisions"}],"predecessor-version":[{"id":9552,"href":"https:\/\/samanoticiasdurango.com\/index.php\/wp-json\/wp\/v2\/posts\/9550\/revisions\/9552"}],"wp:featuredmedia":[{"embeddable":true,"href":"https:\/\/samanoticiasdurango.com\/index.php\/wp-json\/wp\/v2\/media\/9551"}],"wp:attachment":[{"href":"https:\/\/samanoticiasdurango.com\/index.php\/wp-json\/wp\/v2\/media?parent=9550"}],"wp:term":[{"taxonomy":"category","embeddable":true,"href":"https:\/\/samanoticiasdurango.com\/index.php\/wp-json\/wp\/v2\/categories?post=9550"},{"taxonomy":"post_tag","embeddable":true,"href":"https:\/\/samanoticiasdurango.com\/index.php\/wp-json\/wp\/v2\/tags?post=9550"}],"curies":[{"name":"wp","href":"https:\/\/api.w.org\/{rel}","templated":true}]}}