{"id":9724,"date":"2024-05-09T19:17:58","date_gmt":"2024-05-09T19:17:58","guid":{"rendered":"http:\/\/samanoticiasdurango.com\/?p=9724"},"modified":"2024-05-09T19:18:00","modified_gmt":"2024-05-09T19:18:00","slug":"inundaciones-en-el-sur-de-brasil-suman-108-muertos-y-136-desaparecidos","status":"publish","type":"post","link":"https:\/\/samanoticiasdurango.com\/index.php\/2024\/05\/09\/inundaciones-en-el-sur-de-brasil-suman-108-muertos-y-136-desaparecidos\/","title":{"rendered":"<a href=\"https:\/\/lopezdoriga.com\/internacional\/brasil-inundaciones-suman-108-muertos-136-desaparecidos\/\">Inundaciones en el sur de Brasil suman 108 muertos y 136 desaparecidos<\/a>"},"content":{"rendered":"\n<p>Las devastadoras&nbsp;<strong>inundaciones<\/strong>&nbsp;en la regi\u00f3n sur de&nbsp;<strong>Brasil<\/strong>&nbsp;suman hasta el momento&nbsp;<strong>108 muertos<\/strong>&nbsp;y 136 desaparecidos, adem\u00e1s de 374 heridos, seg\u00fan el balance divulgado por la Defensa Civil.<\/p>\n\n\n\n<p>Hay cerca de 1.5 millones de damnificados en&nbsp;<strong>Rio Grande do Sul<\/strong>, fronterizo con Uruguay y Argentina, donde las&nbsp;<strong>lluvias torrenciales<\/strong>&nbsp;han causado una&nbsp;<strong>destrucci\u00f3n<\/strong>&nbsp;sin precedentes en este pr\u00f3spero estado brasile\u00f1o, donde se han reportado 107 de las v\u00edctimas mortales.<\/p>\n\n\n\n<figure class=\"wp-block-image\" id=\"attachment_1617685\"><a href=\"https:\/\/i0.wp.com\/lopezdoriga.com\/wp-content\/uploads\/2024\/05\/ayuda-humanitaria-por-inundaciones-devastadoras-al-sur-de-brasil.jpg?ssl=1\" target=\"_blank\" rel=\"noreferrer noopener\"><img decoding=\"async\" src=\"https:\/\/i0.wp.com\/lopezdoriga.com\/wp-content\/uploads\/2024\/05\/ayuda-humanitaria-por-inundaciones-devastadoras-al-sur-de-brasil.jpg?resize=1024%2C683&amp;ssl=1\" alt=\"Inundaciones en el sur de Brasil suman 108 muertos y 136 desaparecidos - ayuda-humanitaria-por-inundaciones-devastadoras-al-sur-de-brasil-1024x683\" class=\"wp-image-1617685\" title=\"\"\/><\/a><figcaption class=\"wp-element-caption\">Ayuda humanitaria por inundaciones devastadoras al sur de Brasil. Foto de EFE\/ Isaac Fontana<\/figcaption><\/figure>\n\n\n\n<p>El otro fallecido se registr\u00f3 en el vecino estado de&nbsp;<strong>Santa<\/strong>&nbsp;<strong>Catarina<\/strong>, que tambi\u00e9n se vio afectado por el intenso temporal de la \u00faltima semana, aunque en menor grado.<\/p>\n\n\n\n<p>En Rio Grande do Sul se han visto afectados 425 municipios, algunos de los cuales est\u00e1n totalmente sumergidos bajo el agua y donde 6 mil 200 han quedado totalmente destruidas, seg\u00fan datos parciales de la Confederaci\u00f3n Nacional de los Municipios.<\/p>\n\n\n\n<p>Alrededor de 232 mil personas han sido evacuadas de sus hogares y trasladadas a albergues o las casas de sus parientes, de acuerdo con la Defensa Civil.<\/p>\n\n\n\n<p>Cientos de polic\u00edas, bomberos, militares y voluntarios se afanan a\u00fan hoy para rescatar a la poblaci\u00f3n que todav\u00eda est\u00e1 incomunicada por el elevado nivel del agua y que empieza a sufrir con la falta de v\u00edveres.<\/p>\n\n\n\n<p>Adem\u00e1s, las lluvias de las \u00faltimas horas obligaron a suspender las labores de salvamento en Porto Alegre, la capital regional, donde a\u00fan hay barrios completamente inundados y el principal aeropuerto estar\u00e1 cerrado por lo menos hasta finales de este mes.<\/p>\n\n\n\n<p>El fuerte temporal se desat\u00f3 el lunes de la semana pasada y continu\u00f3 los d\u00edas siguientes provocando&nbsp;<strong>cuantiosos da\u00f1os<\/strong>&nbsp;en carreteras, puentes, viviendas y dejando sin luz ni agua potable a buena parte de la poblaci\u00f3n de Rio Grande do Sul.<\/p>\n\n\n\n<p>Rio Grande do Sul, un importante polo agropecuario, ya sufri\u00f3 el a\u00f1o pasado fen\u00f3menos clim\u00e1ticos extremos, con raros ciclones extratropicales, que tambi\u00e9n provocaron graves estragos, aunque lejos de la envergadura de este \u00faltimo.<\/p>\n\n\n\n<p>Los especialistas meteorol\u00f3gicos han asociado la intensidad de estos temporales al cambio clim\u00e1tico.<\/p>\n\n\n\n<p>El presidente brasile\u00f1o, Luiz In\u00e1cio Lula da Silva, afirm\u00f3 durante un acto para presentar inversiones en \u00e1reas de infraestructura y prevenci\u00f3n de desastres naturales, que esta tragedia clim\u00e1tica es \u201cun aviso para el mundo\u201d y \u201cuna factura que le est\u00e1 pasando el planeta\u201d a la humanidad.<\/p>\n\n\n\n<p><strong>Con informaci\u00f3n de EFE<\/strong><\/p>\n","protected":false},"excerpt":{"rendered":"<p>Las devastadoras&nbsp;inundaciones&nbsp;en la regi\u00f3n sur de&nbsp;Brasil&nbsp;suman hasta el momento&nbsp;108 muertos&nbsp;y 136 desaparecidos, adem\u00e1s de 374<\/p>\n","protected":false},"author":1,"featured_media":9725,"comment_status":"open","ping_status":"open","sticky":false,"template":"","format":"standard","meta":{"om_disable_all_campaigns":false,"_monsterinsights_skip_tracking":false,"_monsterinsights_sitenote_active":false,"_monsterinsights_sitenote_note":"","_monsterinsights_sitenote_category":0,"_jetpack_memberships_contains_paid_content":false,"footnotes":"","jetpack_publicize_message":"","jetpack_publicize_feature_enabled":true,"jetpack_social_post_already_shared":false,"jetpack_social_options":{"image_generator_settings":{"template":"highway","enabled":false},"version":2}},"categories":[6],"tags":[],"class_list":["post-9724","post","type-post","status-publish","format-standard","has-post-thumbnail","hentry","category-internacional"],"jetpack_publicize_connections":[],"aioseo_notices":[],"jetpack_featured_media_url":"https:\/\/samanoticiasdurango.com\/wp-content\/uploads\/lluvias-Brasil.png","featured_image_urls":{"full":["https:\/\/samanoticiasdurango.com\/wp-content\/uploads\/lluvias-Brasil.png",1920,1240,false],"thumbnail":["https:\/\/samanoticiasdurango.com\/wp-content\/uploads\/lluvias-Brasil-150x150.png",150,150,true],"medium":["https:\/\/samanoticiasdurango.com\/wp-content\/uploads\/lluvias-Brasil-300x194.png",300,194,true],"medium_large":["https:\/\/samanoticiasdurango.com\/wp-content\/uploads\/lluvias-Brasil-768x496.png",640,413,true],"large":["https:\/\/samanoticiasdurango.com\/wp-content\/uploads\/lluvias-Brasil-1024x661.png",640,413,true],"1536x1536":["https:\/\/samanoticiasdurango.com\/wp-content\/uploads\/lluvias-Brasil-1536x992.png",1536,992,true],"2048x2048":["https:\/\/samanoticiasdurango.com\/wp-content\/uploads\/lluvias-Brasil.png",1920,1240,false],"chromenews-featured":["https:\/\/samanoticiasdurango.com\/wp-content\/uploads\/lluvias-Brasil-1024x661.png",1024,661,true],"chromenews-large":["https:\/\/samanoticiasdurango.com\/wp-content\/uploads\/lluvias-Brasil-825x575.png",825,575,true],"chromenews-medium":["https:\/\/samanoticiasdurango.com\/wp-content\/uploads\/lluvias-Brasil-590x410.png",590,410,true]},"author_info":{"display_name":"Redacci\u00f3n","author_link":"https:\/\/samanoticiasdurango.com\/index.php\/author\/jjsama13gmail-com\/"},"category_info":"<a href=\"https:\/\/samanoticiasdurango.com\/index.php\/category\/internacional\/\" rel=\"category tag\">INTERNACIONAL<\/a>","tag_info":"INTERNACIONAL","comment_count":"0","jetpack_sharing_enabled":true,"_links":{"self":[{"href":"https:\/\/samanoticiasdurango.com\/index.php\/wp-json\/wp\/v2\/posts\/9724","targetHints":{"allow":["GET"]}}],"collection":[{"href":"https:\/\/samanoticiasdurango.com\/index.php\/wp-json\/wp\/v2\/posts"}],"about":[{"href":"https:\/\/samanoticiasdurango.com\/index.php\/wp-json\/wp\/v2\/types\/post"}],"author":[{"embeddable":true,"href":"https:\/\/samanoticiasdurango.com\/index.php\/wp-json\/wp\/v2\/users\/1"}],"replies":[{"embeddable":true,"href":"https:\/\/samanoticiasdurango.com\/index.php\/wp-json\/wp\/v2\/comments?post=9724"}],"version-history":[{"count":1,"href":"https:\/\/samanoticiasdurango.com\/index.php\/wp-json\/wp\/v2\/posts\/9724\/revisions"}],"predecessor-version":[{"id":9726,"href":"https:\/\/samanoticiasdurango.com\/index.php\/wp-json\/wp\/v2\/posts\/9724\/revisions\/9726"}],"wp:featuredmedia":[{"embeddable":true,"href":"https:\/\/samanoticiasdurango.com\/index.php\/wp-json\/wp\/v2\/media\/9725"}],"wp:attachment":[{"href":"https:\/\/samanoticiasdurango.com\/index.php\/wp-json\/wp\/v2\/media?parent=9724"}],"wp:term":[{"taxonomy":"category","embeddable":true,"href":"https:\/\/samanoticiasdurango.com\/index.php\/wp-json\/wp\/v2\/categories?post=9724"},{"taxonomy":"post_tag","embeddable":true,"href":"https:\/\/samanoticiasdurango.com\/index.php\/wp-json\/wp\/v2\/tags?post=9724"}],"curies":[{"name":"wp","href":"https:\/\/api.w.org\/{rel}","templated":true}]}}