{"id":9967,"date":"2024-06-01T18:48:36","date_gmt":"2024-06-01T18:48:36","guid":{"rendered":"http:\/\/samanoticiasdurango.com\/?p=9967"},"modified":"2024-06-01T18:50:10","modified_gmt":"2024-06-01T18:50:10","slug":"onda-de-calor-azota-a-migrantes-varados-en-la-frontera-mexico-ee-uu-con-casi-40-grados","status":"publish","type":"post","link":"https:\/\/samanoticiasdurango.com\/index.php\/2024\/06\/01\/onda-de-calor-azota-a-migrantes-varados-en-la-frontera-mexico-ee-uu-con-casi-40-grados\/","title":{"rendered":"<a href=\"https:\/\/lopezdoriga.com\/nacional\/onda-de-calor-azota-a-migrantes-varados-en-la-frontera-mexico-ee-uu-con-casi-40-grados\/\">Onda de calor azota a migrantes varados en la frontera M\u00e9xico-EE.UU. con casi 40 grados<\/a>"},"content":{"rendered":"\n<p><strong>Temperaturas<\/strong>&nbsp;cercanas a 40 grados azotan a migrantes varados en el<strong>&nbsp;r\u00edo Bravo<\/strong>&nbsp;(o Grande), en la frontera de&nbsp;<strong>M\u00e9xico<\/strong>&nbsp;con Estados Unidos, donde han padecido la&nbsp;<strong>tercera<\/strong>&nbsp;<strong>onda<\/strong>&nbsp;de calor del a\u00f1o que acumula casi dos semanas en territorio mexicano.<\/p>\n\n\n\n<p>El&nbsp;<a href=\"https:\/\/x.com\/conagua_clima\" target=\"_blank\" rel=\"noreferrer noopener\">term\u00f3metro<\/a>&nbsp;lleg\u00f3 a 38 grados varios d\u00edas de este semana en&nbsp;<strong>Ciudad Ju\u00e1rez<\/strong>, donde se espera que el pr\u00f3ximo martes y mi\u00e9rcoles alcance los 40 grados, temperaturas que afectan a los indocumentados que acampan a la intemperie en el l\u00edmite binacional.<\/p>\n\n\n\n<p>La&nbsp;<strong>Direcci\u00f3n Municipal de Protecci\u00f3n Civil<\/strong>&nbsp;atendi\u00f3 la semana pasada a una beb\u00e9 de 10 meses con un cuadro grave de deshidrataci\u00f3n y un ni\u00f1o de 10 a\u00f1os fue al hospital por escoriaciones en la piel.<\/p>\n\n\n\n<p>\u201cEs bien dif\u00edcil porque en el d\u00eda el calor es&nbsp;<strong>insoportable<\/strong>, no hay donde esconderse, entonces toca (cubrirse) con las cobijas y las cosas que uno trae\u201d, declar\u00f3 Nicol\u00e1s, un colombiano que parti\u00f3 de su pa\u00eds por la violencia.<\/p>\n\n\n\n<p>El hombre agreg\u00f3 que, al clima, se suma la agresividad de la&nbsp;<a href=\"https:\/\/lopezdoriga.com\/internacional\/guardia-nacional-de-texas-busca-disuadir-con-altavoces-a-migrantes-que-estan-en-mexico\/\" target=\"_blank\" rel=\"noreferrer noopener\"><strong>Guardia Nacional de Texas<\/strong><\/a>, que ahora les dispara desde Estados Unidos balas de goma y de gas pimienta.<\/p>\n\n\n\n<p>Pese al panorama, dijo que esperar\u00e1n otros d\u00edas m\u00e1s junto al&nbsp;<strong>r\u00edo Bravo<\/strong>&nbsp;con la esperanza de cruzar.<\/p>\n\n\n\n<p>\u201cHay ni\u00f1os que est\u00e1n enfermos, con fiebre, con&nbsp;<strong>malestar<\/strong>, con muchas enfermedades, debidas al cambio de clima porque en el d\u00eda es mucho calor y en la noche mucho fr\u00edo\u201d, coment\u00f3 el migrante.<\/p>\n\n\n\n<p>La tercera onda de calor del a\u00f1o afecta desde el 20 de mayo a&nbsp;<strong>M\u00e9xico<\/strong>, donde 61 personas han muerto por las altas temperaturas este 2024, cuando los term\u00f3metros en 10 ciudades han roto r\u00e9cords, incluyendo la capital.<\/p>\n\n\n\n<p>Sergio Rodr\u00edguez, director general de&nbsp;<strong>Protecci\u00f3n Civil de Ciudad Ju\u00e1rez<\/strong>, anunci\u00f3 que en pr\u00f3ximos d\u00edas habr\u00e1 recorridos en la zona donde est\u00e1n los migrantes en el r\u00edo Bravo.<\/p>\n\n\n\n<p>\u201cEs un lugar que no es apto para&nbsp;<strong>pernoctar<\/strong>&nbsp;ni mucho menos estar ah\u00ed de d\u00eda, hay un flujo de aguas sucias, aparte de las altas temperaturas que existen en nuestra ciudad y ah\u00ed no hay una zona de resguardo para mitigar ese tipo de temperaturas que pueden llegar a ocasionar un golpe de calor y la muerte\u201d, coment\u00f3.<\/p>\n\n\n\n<p>El funcionario expuso que los&nbsp;<strong>albergues<\/strong>&nbsp;de la ciudad est\u00e1n al 50 por ciento de su capacidad y que pueden absorber a quienes duermen junto al afluente para evitar que los afecte m\u00e1s la temperatura que subir\u00e1 a\u00fan m\u00e1s la pr\u00f3xima semana, aunque todav\u00eda faltan 20 d\u00edas para que inicie el verano.<\/p>\n\n\n\n<p>La migraci\u00f3n irregular detectada por el&nbsp;<strong>Gobierno de M\u00e9xico<\/strong>&nbsp;subi\u00f3 casi 200 por ciento en el primer trimestre de 2024, con casi 360 mil personas interceptadas.<\/p>\n\n\n\n<p><strong>Con informaci\u00f3n de EFE<\/strong><\/p>\n","protected":false},"excerpt":{"rendered":"<p>Temperaturas&nbsp;cercanas a 40 grados azotan a migrantes varados en el&nbsp;r\u00edo Bravo&nbsp;(o Grande), en la frontera<\/p>\n","protected":false},"author":1,"featured_media":9968,"comment_status":"open","ping_status":"open","sticky":false,"template":"","format":"standard","meta":{"om_disable_all_campaigns":false,"_monsterinsights_skip_tracking":false,"_monsterinsights_sitenote_active":false,"_monsterinsights_sitenote_note":"","_monsterinsights_sitenote_category":0,"_jetpack_memberships_contains_paid_content":false,"footnotes":"","jetpack_publicize_message":"","jetpack_publicize_feature_enabled":true,"jetpack_social_post_already_shared":false,"jetpack_social_options":{"image_generator_settings":{"template":"highway","enabled":false},"version":2}},"categories":[5],"tags":[],"class_list":["post-9967","post","type-post","status-publish","format-standard","has-post-thumbnail","hentry","category-nacional"],"jetpack_publicize_connections":[],"aioseo_notices":[],"jetpack_featured_media_url":"https:\/\/samanoticiasdurango.com\/wp-content\/uploads\/onda-de-calor-azota-a-migrantes-varados-en-la-frontera-mexico-eeuu-con-casi-40-grados-scaled-1.webp","featured_image_urls":{"full":["https:\/\/samanoticiasdurango.com\/wp-content\/uploads\/onda-de-calor-azota-a-migrantes-varados-en-la-frontera-mexico-eeuu-con-casi-40-grados-scaled-1.webp",1536,1024,false],"thumbnail":["https:\/\/samanoticiasdurango.com\/wp-content\/uploads\/onda-de-calor-azota-a-migrantes-varados-en-la-frontera-mexico-eeuu-con-casi-40-grados-scaled-1-150x150.webp",150,150,true],"medium":["https:\/\/samanoticiasdurango.com\/wp-content\/uploads\/onda-de-calor-azota-a-migrantes-varados-en-la-frontera-mexico-eeuu-con-casi-40-grados-scaled-1-300x200.webp",300,200,true],"medium_large":["https:\/\/samanoticiasdurango.com\/wp-content\/uploads\/onda-de-calor-azota-a-migrantes-varados-en-la-frontera-mexico-eeuu-con-casi-40-grados-scaled-1-768x512.webp",640,427,true],"large":["https:\/\/samanoticiasdurango.com\/wp-content\/uploads\/onda-de-calor-azota-a-migrantes-varados-en-la-frontera-mexico-eeuu-con-casi-40-grados-scaled-1-1024x683.webp",640,427,true],"1536x1536":["https:\/\/samanoticiasdurango.com\/wp-content\/uploads\/onda-de-calor-azota-a-migrantes-varados-en-la-frontera-mexico-eeuu-con-casi-40-grados-scaled-1.webp",1536,1024,false],"2048x2048":["https:\/\/samanoticiasdurango.com\/wp-content\/uploads\/onda-de-calor-azota-a-migrantes-varados-en-la-frontera-mexico-eeuu-con-casi-40-grados-scaled-1.webp",1536,1024,false],"chromenews-featured":["https:\/\/samanoticiasdurango.com\/wp-content\/uploads\/onda-de-calor-azota-a-migrantes-varados-en-la-frontera-mexico-eeuu-con-casi-40-grados-scaled-1-1024x683.webp",1024,683,true],"chromenews-large":["https:\/\/samanoticiasdurango.com\/wp-content\/uploads\/onda-de-calor-azota-a-migrantes-varados-en-la-frontera-mexico-eeuu-con-casi-40-grados-scaled-1-825x575.webp",825,575,true],"chromenews-medium":["https:\/\/samanoticiasdurango.com\/wp-content\/uploads\/onda-de-calor-azota-a-migrantes-varados-en-la-frontera-mexico-eeuu-con-casi-40-grados-scaled-1-590x410.webp",590,410,true]},"author_info":{"display_name":"Redacci\u00f3n","author_link":"https:\/\/samanoticiasdurango.com\/index.php\/author\/jjsama13gmail-com\/"},"category_info":"<a href=\"https:\/\/samanoticiasdurango.com\/index.php\/category\/nacional\/\" rel=\"category tag\">NACIONAL<\/a>","tag_info":"NACIONAL","comment_count":"0","jetpack_sharing_enabled":true,"_links":{"self":[{"href":"https:\/\/samanoticiasdurango.com\/index.php\/wp-json\/wp\/v2\/posts\/9967","targetHints":{"allow":["GET"]}}],"collection":[{"href":"https:\/\/samanoticiasdurango.com\/index.php\/wp-json\/wp\/v2\/posts"}],"about":[{"href":"https:\/\/samanoticiasdurango.com\/index.php\/wp-json\/wp\/v2\/types\/post"}],"author":[{"embeddable":true,"href":"https:\/\/samanoticiasdurango.com\/index.php\/wp-json\/wp\/v2\/users\/1"}],"replies":[{"embeddable":true,"href":"https:\/\/samanoticiasdurango.com\/index.php\/wp-json\/wp\/v2\/comments?post=9967"}],"version-history":[{"count":1,"href":"https:\/\/samanoticiasdurango.com\/index.php\/wp-json\/wp\/v2\/posts\/9967\/revisions"}],"predecessor-version":[{"id":9969,"href":"https:\/\/samanoticiasdurango.com\/index.php\/wp-json\/wp\/v2\/posts\/9967\/revisions\/9969"}],"wp:featuredmedia":[{"embeddable":true,"href":"https:\/\/samanoticiasdurango.com\/index.php\/wp-json\/wp\/v2\/media\/9968"}],"wp:attachment":[{"href":"https:\/\/samanoticiasdurango.com\/index.php\/wp-json\/wp\/v2\/media?parent=9967"}],"wp:term":[{"taxonomy":"category","embeddable":true,"href":"https:\/\/samanoticiasdurango.com\/index.php\/wp-json\/wp\/v2\/categories?post=9967"},{"taxonomy":"post_tag","embeddable":true,"href":"https:\/\/samanoticiasdurango.com\/index.php\/wp-json\/wp\/v2\/tags?post=9967"}],"curies":[{"name":"wp","href":"https:\/\/api.w.org\/{rel}","templated":true}]}}